{"id":4522,"date":"2025-11-22T13:01:59","date_gmt":"2025-11-22T13:01:59","guid":{"rendered":"https:\/\/parafiakrzyzowa.pl\/?p=4522"},"modified":"2025-11-22T13:02:22","modified_gmt":"2025-11-22T13:02:22","slug":"4522","status":"publish","type":"post","link":"https:\/\/parafiakrzyzowa.pl\/?p=4522","title":{"rendered":""},"content":{"rendered":"<p><strong>Krzy\u017cowa 23.XI. 2025r.<\/strong><\/p>\n<p><strong>\u00a0\u00a0\u00a0\u00a0\u00a0\u00a0\u00a0\u00a0\u00a0\u00a0\u00a0\u00a0\u00a0\u00a0\u00a0\u00a0\u00a0\u00a0 <\/strong><\/p>\n<p><strong>\u00a0\u00a0\u00a0\u00a0\u00a0\u00a0\u00a0\u00a0\u00a0\u00a0\u00a0\u00a0\u00a0\u00a0\u00a0\u00a0\u00a0 <\/strong><\/p>\n<p><strong>\u00a0\u00a0\u00a0\u00a0\u00a0\u00a0\u00a0 \u00a0\u00a0\u00a0\u00a0\u00a0\u00a0\u00a0<u>\u00a0\u00a0Uroczysto\u015b\u0107 Chrystusa Kr\u00f3la<\/u><\/strong><\/p>\n<p>&nbsp;<\/p>\n<p>&nbsp;<\/p>\n<p>Dzi\u015b jest ostatnia niedziela starego roku ko\u015bcielnego uroczysto\u015b\u0107 Jezusa Chrystusa Kr\u00f3la Wszech\u015bwiata. Po ka\u017cdej mszy \u015bw. odm\u00f3wimy akt po\u015bwi\u0119cenia rodzaju ludzkiego\u00a0 Chrystusowi Kr\u00f3lowi. Mo\u017cna zyska\u0107 odpust zupe\u0142ny.<\/p>\n<p>Informacje\u00a0 o Adwencie podam za tydzie\u0144 ale ju\u017c dzisiaj prosz\u0119 dzieci aby \u00a0\u00a0\u00a0\u00a0\u00a0w tym tygodniu przygotowa\u0142y sobie pi\u0119kne lampiony na adwentowe roraty.<\/p>\n<p>&nbsp;<\/p>\n<p>Wczoraj dwaj nasi ministranci zostali pob\u0142ogos\u0142awieni przez ks. Biskupa do pos\u0142ugi lektora. Serdecznie im gratulujemy i cieszymy si\u0119 \u017ce mamy 2 nowych s\u0142ug Bo\u017cego S\u0142owa.<\/p>\n<p>&nbsp;<\/p>\n<p>A dzisiaj na mszy \u015bw. o godz. 10 zostali przyj\u0119ci do grona ministrant\u00f3w\u00a0\u00a0\u00a0\u00a0\u00a0\u00a0\u00a0\u00a0\u00a0\u00a0\u00a0\u00a0\u00a0\u00a0\u00a0\u00a0\u00a0\u00a0\u00a0\u00a0\u00a0\u00a0\u00a0\u00a0 3 kandydaci . Sk\u0142adamy im serdeczne \u017cyczenia a rodzicom dzi\u0119kujemy za religijne wychowanie tych dzieci.<\/p>\n<p>&nbsp;<\/p>\n<p>Zapraszam na codzienn\u0105 msz\u0119 \u015bw. do naszego ko\u015bcio\u0142a. Szczeg\u00f3lnie w \u015brod\u0119 na r\u00f3\u017caniec za Ojczyzn\u0119 i Nowenn\u0119 do Matki Nieustaj\u0105cej Pomocy.<\/p>\n<p>&nbsp;<\/p>\n<p>Zach\u0119cam do nabywania prasy katolickiej.<\/p>\n<p>&nbsp;<\/p>\n<p>Spotkanie z dzie\u0107mi z klasy III w \u015brod\u0119 o godz. 16 a z kandydatami do Bierzmowania w pi\u0105tek po mszy \u015bw.<\/p>\n<p>&nbsp;<\/p>\n<p>Dzi\u0119kuj\u0119 za sprz\u0105tanie ko\u015bcio\u0142a w tamtym tygodniu. Nast\u0119pne sprz\u0105tanie w pi\u0105tek po mszy \u015bw. wieczornej. Sprz\u0105taj\u0105 Panie: Katarzyna G\u0105siorek Jadwiga Kami\u0144ska Zyta Michalec i Ma\u0142gorzata J\u0119drzejas.<\/p>\n<p>&nbsp;<\/p>\n<p>Kalendarz liturgiczny<\/p>\n<p>&nbsp;<\/p>\n<p>Poniedzia\u0142ek \u2013 wsp. \u015bw. Andrzej Dung- laca i Towarzyszy kapana i m\u0119czennika<\/p>\n<p>&nbsp;<\/p>\n<p>W ostatnim tygodniu odszed\u0142\u00a0 naszej rodziny parafialnej do Pana po nagrode wieczn\u0105 \u015bp. J\u00f3zef J\u0119drzejas\u00a0\u00a0\u00a0 wieczny odpoczynek racz mu da\u0107 Panie\u2026<\/p>\n<p>&nbsp;<\/p>\n<p>&nbsp;<\/p>\n","protected":false},"excerpt":{"rendered":"<p>Krzy\u017cowa 23.XI. 2025r. \u00a0\u00a0\u00a0\u00a0\u00a0\u00a0\u00a0\u00a0\u00a0\u00a0\u00a0\u00a0\u00a0\u00a0\u00a0\u00a0\u00a0\u00a0 \u00a0\u00a0\u00a0\u00a0\u00a0\u00a0\u00a0\u00a0\u00a0\u00a0\u00a0\u00a0\u00a0\u00a0\u00a0\u00a0\u00a0 \u00a0\u00a0\u00a0\u00a0\u00a0\u00a0\u00a0 \u00a0\u00a0\u00a0\u00a0\u00a0\u00a0\u00a0\u00a0\u00a0Uroczysto\u015b\u0107 Chrystusa Kr\u00f3la &nbsp; &nbsp; Dzi\u015b jest ostatnia niedziela starego roku ko\u015bcielnego uroczysto\u015b\u0107 Jezusa Chrystusa Kr\u00f3la Wszech\u015bwiata. Po ka\u017cdej mszy \u015bw. odm\u00f3wimy akt po\u015bwi\u0119cenia rodzaju ludzkiego\u00a0 Chrystusowi Kr\u00f3lowi. Mo\u017cna zyska\u0107 odpust zupe\u0142ny. Informacje\u00a0 o Adwencie podam za tydzie\u0144 ale ju\u017c dzisiaj prosz\u0119 dzieci aby \u00a0\u00a0\u00a0\u00a0\u00a0w tym tygodniu przygotowa\u0142y sobie [&hellip;]<\/p>\n","protected":false},"author":3,"featured_media":0,"comment_status":"closed","ping_status":"closed","sticky":false,"template":"","format":"standard","meta":{"ngg_post_thumbnail":0,"footnotes":""},"categories":[3],"tags":[],"class_list":["post-4522","post","type-post","status-publish","format-standard","hentry","category-ogloszenia"],"aioseo_notices":[],"_links":{"self":[{"href":"https:\/\/parafiakrzyzowa.pl\/index.php?rest_route=\/wp\/v2\/posts\/4522","targetHints":{"allow":["GET"]}}],"collection":[{"href":"https:\/\/parafiakrzyzowa.pl\/index.php?rest_route=\/wp\/v2\/posts"}],"about":[{"href":"https:\/\/parafiakrzyzowa.pl\/index.php?rest_route=\/wp\/v2\/types\/post"}],"author":[{"embeddable":true,"href":"https:\/\/parafiakrzyzowa.pl\/index.php?rest_route=\/wp\/v2\/users\/3"}],"replies":[{"embeddable":true,"href":"https:\/\/parafiakrzyzowa.pl\/index.php?rest_route=%2Fwp%2Fv2%2Fcomments&post=4522"}],"version-history":[{"count":1,"href":"https:\/\/parafiakrzyzowa.pl\/index.php?rest_route=\/wp\/v2\/posts\/4522\/revisions"}],"predecessor-version":[{"id":4523,"href":"https:\/\/parafiakrzyzowa.pl\/index.php?rest_route=\/wp\/v2\/posts\/4522\/revisions\/4523"}],"wp:attachment":[{"href":"https:\/\/parafiakrzyzowa.pl\/index.php?rest_route=%2Fwp%2Fv2%2Fmedia&parent=4522"}],"wp:term":[{"taxonomy":"category","embeddable":true,"href":"https:\/\/parafiakrzyzowa.pl\/index.php?rest_route=%2Fwp%2Fv2%2Fcategories&post=4522"},{"taxonomy":"post_tag","embeddable":true,"href":"https:\/\/parafiakrzyzowa.pl\/index.php?rest_route=%2Fwp%2Fv2%2Ftags&post=4522"}],"curies":[{"name":"wp","href":"https:\/\/api.w.org\/{rel}","templated":true}]}}