{"id":4526,"date":"2025-11-22T13:04:16","date_gmt":"2025-11-22T13:04:16","guid":{"rendered":"https:\/\/parafiakrzyzowa.pl\/?p=4526"},"modified":"2025-11-22T13:04:32","modified_gmt":"2025-11-22T13:04:32","slug":"4526","status":"publish","type":"post","link":"https:\/\/parafiakrzyzowa.pl\/?p=4526","title":{"rendered":""},"content":{"rendered":"<p><strong><u>INTENCJE MSZY \u015aWI\u0118TYCH<\/u><\/strong><\/p>\n<p>&nbsp;<\/p>\n<p><strong><u>NIEDZIELA 23.XI. 2025r.<\/u><\/strong><\/p>\n<p>&nbsp;<\/p>\n<p>Godz. 8.00 &#8211; \u00a0\u00a0\u00a0\u00a0\u00a0+ Jadwiga Wrzeszcz w 1r. \u015bmierci<\/p>\n<p>&nbsp;<\/p>\n<p>Godz.10\u00a0\u00a0\u00a0 \u00a0&#8211; \u00a0\u00a0++\u00a0 Weronika i Jan Walig\u00f3rowie<\/p>\n<p>&nbsp;<\/p>\n<p>&#8211;\u00a0\u00a0\u00a0\u00a0\u00a0\u00a0\u00a0\u00a0\u00a0 O zdrowie i b\u0142. Bo\u017ce dla Jakuba Zygmunta Michalca\u00a0 okazji Chrztu \u015bw<\/p>\n<p>&nbsp;<\/p>\n<p>Godz. 18\u00a0\u00a0\u00a0 &#8211; \u00a0\u00a0\u00a0\u00a0\u00a0+ Bronis\u0142aw S\u0142owik w r. \u015bmierci<\/p>\n<p>&nbsp;<\/p>\n<p><strong><u>PONIEDZIA\u0141EK\u00a0 24.XI. 2025r.<\/u><\/strong><\/p>\n<p>&nbsp;<\/p>\n<p>Godz. 17\u00a0\u00a0\u00a0 &#8211;\u00a0 \u00a0\u00a0\u00a0+ J\u00f3zefa Cima\u0142a<\/p>\n<p><strong><u>\u00a0<\/u><\/strong><\/p>\n<p><strong><u>\u00a0WTOREK 25.XI 2025r.<\/u><\/strong><\/p>\n<p>&nbsp;<\/p>\n<p>Godz. 7:00 \u00a0\u00a0&#8211;\u00a0\u00a0 \u00a0\u00a0\u00a0\u00a0W intencji parafii<\/p>\n<p><strong><u>\u00a0<\/u><\/strong><\/p>\n<p><strong><u>\u00a0\u015aRODA\u00a0 26.XI. 2025r.<\/u><\/strong><\/p>\n<p>&nbsp;<\/p>\n<p>Godz. 17\u00a0\u00a0 &#8211; \u00a0\u00a0\u00a0\u00a0\u00a0+ Weronika Krzy\u017cowska<\/p>\n<p><strong><u>\u00a0<\/u><\/strong><\/p>\n<p><strong><u>CZWARTEK\u00a0 27.XI. 2025r.<\/u><\/strong><\/p>\n<p><strong><u>\u00a0<\/u><\/strong><\/p>\n<p>Godz. 7:00 &#8211; \u00a0\u00a0\u00a0\u00a0\u00a0+ J\u00f3zef J\u0119drzejas<\/p>\n<p><strong><u>\u00a0<\/u><\/strong><\/p>\n<p><strong><u>\u00a0PI\u0104TEK\u00a0 28.XI. 2025r.<\/u><\/strong><\/p>\n<p>&nbsp;<\/p>\n<p>Godz. 17\u00a0\u00a0 &#8211; \u00a0\u00a0\u00a0\u00a0\u00a0\u00a0\u00a0+ Anna S\u0142owik<\/p>\n<p>&nbsp;<\/p>\n<p><strong><u>\u00a0<\/u><\/strong><\/p>\n<p><strong><u>\u00a0SOBOTA 29.XI. 2025r.<\/u><\/strong><\/p>\n<p>&nbsp;<\/p>\n<p>Godz. 17\u00a0\u00a0\u00a0 &#8211; \u00a0\u00a0\u00a0\u00a0\u00a0\u00a0\u00a0+ Julian Niewdana w 2r. \u015bmierci<\/p>\n<p><strong><u>NIEDZIELA 30.XI. 2025r.<\/u><\/strong><\/p>\n<p>&nbsp;<\/p>\n<p>Godz.8:00 \u00a0&#8211; \u00a0\u00a0\u00a0\u00a0\u00a0\u00a0\u00a0\u00a0\u00a0\u00a0W intencji parafian<\/p>\n<p>&nbsp;<\/p>\n<p>Godz.10:00 &#8211; \u00a0++\u00a0 \u00a0Tadeusz Walig\u00f3ra i rodzice<\/p>\n<p>&nbsp;<\/p>\n<p>Godz. 18 \u00a0\u00a0\u00a0&#8211; \u00a0\u00a0Jadwiga i Tadeusz Korczyk i syn<\/p>\n<p>&nbsp;<\/p>\n<p>&nbsp;<\/p>\n<p>&nbsp;<\/p>\n<p>&nbsp;<\/p>\n<p>&nbsp;<\/p>\n<p>&nbsp;<\/p>\n","protected":false},"excerpt":{"rendered":"<p>INTENCJE MSZY \u015aWI\u0118TYCH &nbsp; NIEDZIELA 23.XI. 2025r. &nbsp; Godz. 8.00 &#8211; \u00a0\u00a0\u00a0\u00a0\u00a0+ Jadwiga Wrzeszcz w 1r. \u015bmierci &nbsp; Godz.10\u00a0\u00a0\u00a0 \u00a0&#8211; \u00a0\u00a0++\u00a0 Weronika i Jan Walig\u00f3rowie &nbsp; &#8211;\u00a0\u00a0\u00a0\u00a0\u00a0\u00a0\u00a0\u00a0\u00a0 O zdrowie i b\u0142. Bo\u017ce dla Jakuba Zygmunta Michalca\u00a0 okazji Chrztu \u015bw &nbsp; Godz. 18\u00a0\u00a0\u00a0 &#8211; \u00a0\u00a0\u00a0\u00a0\u00a0+ Bronis\u0142aw S\u0142owik w r. \u015bmierci &nbsp; PONIEDZIA\u0141EK\u00a0 24.XI. 2025r. &nbsp; Godz. [&hellip;]<\/p>\n","protected":false},"author":3,"featured_media":0,"comment_status":"closed","ping_status":"closed","sticky":false,"template":"","format":"standard","meta":{"ngg_post_thumbnail":0,"footnotes":""},"categories":[7],"tags":[],"class_list":["post-4526","post","type-post","status-publish","format-standard","hentry","category-intencje"],"aioseo_notices":[],"_links":{"self":[{"href":"https:\/\/parafiakrzyzowa.pl\/index.php?rest_route=\/wp\/v2\/posts\/4526","targetHints":{"allow":["GET"]}}],"collection":[{"href":"https:\/\/parafiakrzyzowa.pl\/index.php?rest_route=\/wp\/v2\/posts"}],"about":[{"href":"https:\/\/parafiakrzyzowa.pl\/index.php?rest_route=\/wp\/v2\/types\/post"}],"author":[{"embeddable":true,"href":"https:\/\/parafiakrzyzowa.pl\/index.php?rest_route=\/wp\/v2\/users\/3"}],"replies":[{"embeddable":true,"href":"https:\/\/parafiakrzyzowa.pl\/index.php?rest_route=%2Fwp%2Fv2%2Fcomments&post=4526"}],"version-history":[{"count":1,"href":"https:\/\/parafiakrzyzowa.pl\/index.php?rest_route=\/wp\/v2\/posts\/4526\/revisions"}],"predecessor-version":[{"id":4527,"href":"https:\/\/parafiakrzyzowa.pl\/index.php?rest_route=\/wp\/v2\/posts\/4526\/revisions\/4527"}],"wp:attachment":[{"href":"https:\/\/parafiakrzyzowa.pl\/index.php?rest_route=%2Fwp%2Fv2%2Fmedia&parent=4526"}],"wp:term":[{"taxonomy":"category","embeddable":true,"href":"https:\/\/parafiakrzyzowa.pl\/index.php?rest_route=%2Fwp%2Fv2%2Fcategories&post=4526"},{"taxonomy":"post_tag","embeddable":true,"href":"https:\/\/parafiakrzyzowa.pl\/index.php?rest_route=%2Fwp%2Fv2%2Ftags&post=4526"}],"curies":[{"name":"wp","href":"https:\/\/api.w.org\/{rel}","templated":true}]}}