{"id":4528,"date":"2025-11-29T10:30:22","date_gmt":"2025-11-29T10:30:22","guid":{"rendered":"https:\/\/parafiakrzyzowa.pl\/?p=4528"},"modified":"2025-11-29T10:30:39","modified_gmt":"2025-11-29T10:30:39","slug":"4528","status":"publish","type":"post","link":"https:\/\/parafiakrzyzowa.pl\/?p=4528","title":{"rendered":""},"content":{"rendered":"<p><strong>Krzy\u017cowa 30 .XI. 2025r.<\/strong><\/p>\n<p><strong>\u00a0\u00a0\u00a0\u00a0\u00a0\u00a0\u00a0\u00a0\u00a0\u00a0\u00a0\u00a0\u00a0\u00a0\u00a0\u00a0\u00a0\u00a0 <\/strong><\/p>\n<p><strong>\u00a0\u00a0\u00a0\u00a0\u00a0\u00a0\u00a0\u00a0\u00a0\u00a0\u00a0\u00a0\u00a0\u00a0\u00a0\u00a0\u00a0 <\/strong><\/p>\n<p><strong>\u00a0\u00a0\u00a0\u00a0\u00a0\u00a0\u00a0 \u00a0\u00a0\u00a0\u00a0\u00a0\u00a0\u00a0<\/strong><strong><u>\u00a0\u00a0I NIEDZIELA \u00a0ADWENTU<\/u><\/strong><\/p>\n<p>Rozpoczyna si\u0119 w Ko\u015bciele Adwent, czas radosnego ale pe\u0142nego zadumy\u00a0\u00a0\u00a0\u00a0\u00a0\u00a0\u00a0\u00a0 i modlitwy oczekiwania powt\u00f3rnego przyj\u015bcia Pana Jezusa na ziemi\u0119 , a w bli\u017cszej perspektywie na Bo\u017ce Narodzenie.<\/p>\n<p>Serdecznie prosz\u0119 ca\u0142\u0105 parafie o postanowienia adwentowe cho\u0107by o abstynencj\u0119 .<\/p>\n<p>Pzez ca\u0142y Adwent msze \u015bw. czyli roraty b\u0119d\u0105 odprawiane o godz. 17. Dzieci na jutro przygotuj\u0105 papierowe serduszka z imieniem i nazwiskiem\u00a0 oraz pi\u0119kne lampiony.\u00a0 Codziennie b\u0119dziemy losowa\u0107 2 figurki Matki Bo\u017cej\u00a0 \u00a0 i dzieci b\u0119d\u0105 otrzymywa\u0107 roratnie obrazki. W tym roku przewodnikiem po adwencie b\u0119dzie ojciec \u015bw. Leon XIV.<\/p>\n<p>Mo\u017cna nabywa\u0107 ju\u017c \u015bwiece Caritas w ramach Wigilijnego Dzie\u0142a Pomocy Dzieciom.<\/p>\n<p>W tym tygodniu przypada I czwartek i pi\u0105tek miesi\u0105ca. Spowied\u017a \u015bw. b\u0119dzie w obydwa dni od 16 do 17. Nie b\u0119dzie wizyty u senior\u00f3w bo b\u0119d\u0119 je\u017adzi\u0142\u00a0 \u00a0 z\u00a0 Panem Jezusem przed \u015bwi\u0119tami Bo\u017cego Narodzenia.<\/p>\n<p>W najbli\u017csz\u0105 niedziel\u0119 7 i\u00a0 14 grudnia sk\u0142adki na wszystkich mszach \u015bw. b\u0119d\u0105 przeznaczone na zap\u0142ate za wyw\u00f3z odpad\u00f3w z cmentarza, Przyszed\u0142 rachunek na kwot\u0119\u2026\u2026..<\/p>\n<p>Zach\u0119cam do nabywania prasy katolickiej.<\/p>\n<p>Spotkanie z dzie\u0107mi z klasy III w \u015brod\u0119 o godz. 16 a z kandydatami do Bierzmowania w pi\u0105tek po mszy \u015bw.<\/p>\n<p>Dzi\u0119kuj\u0119 za sprz\u0105tanie ko\u015bcio\u0142a w tamtym tygodniu. Nast\u0119pne sprz\u0105tanie w pi\u0105tek po mszy \u015bw. wieczornej. Sprz\u0105taj\u0105 Panie: Katarzyna Chmura Ewelina Kaprak Zofia Pierlak Gabriela Michalec<\/p>\n<p>Kalendarz liturgiczny<\/p>\n<p>\u015aroda \u2013 wsp. \u015bw. Franciszka Ksawerego kap\u0142ana<\/p>\n","protected":false},"excerpt":{"rendered":"<p>Krzy\u017cowa 30 .XI. 2025r. \u00a0\u00a0\u00a0\u00a0\u00a0\u00a0\u00a0\u00a0\u00a0\u00a0\u00a0\u00a0\u00a0\u00a0\u00a0\u00a0\u00a0\u00a0 \u00a0\u00a0\u00a0\u00a0\u00a0\u00a0\u00a0\u00a0\u00a0\u00a0\u00a0\u00a0\u00a0\u00a0\u00a0\u00a0\u00a0 \u00a0\u00a0\u00a0\u00a0\u00a0\u00a0\u00a0 \u00a0\u00a0\u00a0\u00a0\u00a0\u00a0\u00a0\u00a0\u00a0I NIEDZIELA \u00a0ADWENTU Rozpoczyna si\u0119 w Ko\u015bciele Adwent, czas radosnego ale pe\u0142nego zadumy\u00a0\u00a0\u00a0\u00a0\u00a0\u00a0\u00a0\u00a0 i modlitwy oczekiwania powt\u00f3rnego przyj\u015bcia Pana Jezusa na ziemi\u0119 , a w bli\u017cszej perspektywie na Bo\u017ce Narodzenie. Serdecznie prosz\u0119 ca\u0142\u0105 parafie o postanowienia adwentowe cho\u0107by o abstynencj\u0119 . Pzez ca\u0142y Adwent msze \u015bw. czyli roraty [&hellip;]<\/p>\n","protected":false},"author":3,"featured_media":0,"comment_status":"closed","ping_status":"closed","sticky":false,"template":"","format":"standard","meta":{"ngg_post_thumbnail":0,"footnotes":""},"categories":[3],"tags":[],"class_list":["post-4528","post","type-post","status-publish","format-standard","hentry","category-ogloszenia"],"aioseo_notices":[],"_links":{"self":[{"href":"https:\/\/parafiakrzyzowa.pl\/index.php?rest_route=\/wp\/v2\/posts\/4528","targetHints":{"allow":["GET"]}}],"collection":[{"href":"https:\/\/parafiakrzyzowa.pl\/index.php?rest_route=\/wp\/v2\/posts"}],"about":[{"href":"https:\/\/parafiakrzyzowa.pl\/index.php?rest_route=\/wp\/v2\/types\/post"}],"author":[{"embeddable":true,"href":"https:\/\/parafiakrzyzowa.pl\/index.php?rest_route=\/wp\/v2\/users\/3"}],"replies":[{"embeddable":true,"href":"https:\/\/parafiakrzyzowa.pl\/index.php?rest_route=%2Fwp%2Fv2%2Fcomments&post=4528"}],"version-history":[{"count":2,"href":"https:\/\/parafiakrzyzowa.pl\/index.php?rest_route=\/wp\/v2\/posts\/4528\/revisions"}],"predecessor-version":[{"id":4530,"href":"https:\/\/parafiakrzyzowa.pl\/index.php?rest_route=\/wp\/v2\/posts\/4528\/revisions\/4530"}],"wp:attachment":[{"href":"https:\/\/parafiakrzyzowa.pl\/index.php?rest_route=%2Fwp%2Fv2%2Fmedia&parent=4528"}],"wp:term":[{"taxonomy":"category","embeddable":true,"href":"https:\/\/parafiakrzyzowa.pl\/index.php?rest_route=%2Fwp%2Fv2%2Fcategories&post=4528"},{"taxonomy":"post_tag","embeddable":true,"href":"https:\/\/parafiakrzyzowa.pl\/index.php?rest_route=%2Fwp%2Fv2%2Ftags&post=4528"}],"curies":[{"name":"wp","href":"https:\/\/api.w.org\/{rel}","templated":true}]}}