{"id":4539,"date":"2025-12-06T09:47:13","date_gmt":"2025-12-06T09:47:13","guid":{"rendered":"https:\/\/parafiakrzyzowa.pl\/?p=4539"},"modified":"2025-12-06T09:47:39","modified_gmt":"2025-12-06T09:47:39","slug":"4539","status":"publish","type":"post","link":"https:\/\/parafiakrzyzowa.pl\/?p=4539","title":{"rendered":""},"content":{"rendered":"<p><strong>Krzy\u017cowa 7 .XII. 2025r.<\/strong><\/p>\n<p><strong>\u00a0\u00a0\u00a0\u00a0\u00a0\u00a0\u00a0\u00a0\u00a0\u00a0\u00a0\u00a0\u00a0\u00a0\u00a0\u00a0\u00a0\u00a0 <\/strong><\/p>\n<p><strong>\u00a0\u00a0\u00a0\u00a0\u00a0\u00a0\u00a0\u00a0\u00a0\u00a0\u00a0\u00a0\u00a0\u00a0\u00a0\u00a0\u00a0 <\/strong><\/p>\n<p><strong>\u00a0\u00a0\u00a0\u00a0\u00a0\u00a0\u00a0 \u00a0\u00a0\u00a0\u00a0\u00a0\u00a0\u00a0<\/strong><strong><u>\u00a0\u00a0II NIEDZIELA \u00a0ADWENTU<\/u><\/strong><\/p>\n<p>Dzi\u015b przypada I niedziela grudnia. Po ka\u017cdej mszy \u015bw. b\u0119dzie adoracja Pana Jezusa w Naj\u015bwi\u0119tszym Sakramencie.<\/p>\n<p>Zapraszam bardzo gor\u0105co na codzienne roraty o godz. 17. Uczestnictwo\u00a0 \u00a0w roratach jest najlepszym przygotowaniem do \u015bwi\u0105t Narodzenia Pa\u0144skiego<\/p>\n<p>Mo\u017cna nabywa\u0107 ju\u017c \u015bwiece Caritas w ramach Wigilijnego Dzie\u0142a Pomocy Dzieciom.<\/p>\n<p>Jutro przypada uroczysto\u015b\u0107 Niepokalanego Pocz\u0119cia NM Panny. Msze \u015bw. w naszym ko\u015bciele o godz. 8:00 i 17 wieczorem. Bardzo serdecznie zapraszam<\/p>\n<p>W dzisiejsz\u0105 \u00a0niedziel\u0119\u00a0 sk\u0142adka na wszystkich mszach \u015bw. jest\u00a0 przeznaczona na zap\u0142at\u0119 za wyw\u00f3z odpad\u00f3w z cmentarza, W ostatni\u0105 niedziel\u0119 m\u00f3wi\u0142em na ten temat<\/p>\n<p>Zach\u0119cam do nabywania prasy katolickiej.<\/p>\n<p>Spotkanie z dzie\u0107mi z klasy III w \u015brod\u0119 o godz. 16 a z kandydatami do Bierzmowania w pi\u0105tek po mszy \u015bw.<\/p>\n<p>Dzi\u0119kuj\u0119 za sprz\u0105tanie ko\u015bcio\u0142a w tamtym tygodniu. Nast\u0119pne sprz\u0105tanie w pi\u0105tek po mszy \u015bw. wieczornej. Sprz\u0105taj\u0105 Panie: Dorota Michalec Ewelina Michalec Paulina P\u0142aza i Ma\u0142gorzata P\u0142aza.<\/p>\n<p>Kalendarz liturgiczny<\/p>\n<p>Poniedzia\u0142ek \u2013 uroczysto\u015b\u0107 Niepokalanego Pocz\u0119cia NMPanny<\/p>\n<p>Sobota \u2013 wsp. \u015bw. \u0141ucji dziewicy i m\u0119czennicy<\/p>\n","protected":false},"excerpt":{"rendered":"<p>Krzy\u017cowa 7 .XII. 2025r. \u00a0\u00a0\u00a0\u00a0\u00a0\u00a0\u00a0\u00a0\u00a0\u00a0\u00a0\u00a0\u00a0\u00a0\u00a0\u00a0\u00a0\u00a0 \u00a0\u00a0\u00a0\u00a0\u00a0\u00a0\u00a0\u00a0\u00a0\u00a0\u00a0\u00a0\u00a0\u00a0\u00a0\u00a0\u00a0 \u00a0\u00a0\u00a0\u00a0\u00a0\u00a0\u00a0 \u00a0\u00a0\u00a0\u00a0\u00a0\u00a0\u00a0\u00a0\u00a0II NIEDZIELA \u00a0ADWENTU Dzi\u015b przypada I niedziela grudnia. Po ka\u017cdej mszy \u015bw. b\u0119dzie adoracja Pana Jezusa w Naj\u015bwi\u0119tszym Sakramencie. Zapraszam bardzo gor\u0105co na codzienne roraty o godz. 17. Uczestnictwo\u00a0 \u00a0w roratach jest najlepszym przygotowaniem do \u015bwi\u0105t Narodzenia Pa\u0144skiego Mo\u017cna nabywa\u0107 ju\u017c \u015bwiece Caritas w ramach Wigilijnego Dzie\u0142a Pomocy [&hellip;]<\/p>\n","protected":false},"author":3,"featured_media":0,"comment_status":"closed","ping_status":"closed","sticky":false,"template":"","format":"standard","meta":{"ngg_post_thumbnail":0,"footnotes":""},"categories":[3],"tags":[],"class_list":["post-4539","post","type-post","status-publish","format-standard","hentry","category-ogloszenia"],"aioseo_notices":[],"_links":{"self":[{"href":"https:\/\/parafiakrzyzowa.pl\/index.php?rest_route=\/wp\/v2\/posts\/4539","targetHints":{"allow":["GET"]}}],"collection":[{"href":"https:\/\/parafiakrzyzowa.pl\/index.php?rest_route=\/wp\/v2\/posts"}],"about":[{"href":"https:\/\/parafiakrzyzowa.pl\/index.php?rest_route=\/wp\/v2\/types\/post"}],"author":[{"embeddable":true,"href":"https:\/\/parafiakrzyzowa.pl\/index.php?rest_route=\/wp\/v2\/users\/3"}],"replies":[{"embeddable":true,"href":"https:\/\/parafiakrzyzowa.pl\/index.php?rest_route=%2Fwp%2Fv2%2Fcomments&post=4539"}],"version-history":[{"count":2,"href":"https:\/\/parafiakrzyzowa.pl\/index.php?rest_route=\/wp\/v2\/posts\/4539\/revisions"}],"predecessor-version":[{"id":4541,"href":"https:\/\/parafiakrzyzowa.pl\/index.php?rest_route=\/wp\/v2\/posts\/4539\/revisions\/4541"}],"wp:attachment":[{"href":"https:\/\/parafiakrzyzowa.pl\/index.php?rest_route=%2Fwp%2Fv2%2Fmedia&parent=4539"}],"wp:term":[{"taxonomy":"category","embeddable":true,"href":"https:\/\/parafiakrzyzowa.pl\/index.php?rest_route=%2Fwp%2Fv2%2Fcategories&post=4539"},{"taxonomy":"post_tag","embeddable":true,"href":"https:\/\/parafiakrzyzowa.pl\/index.php?rest_route=%2Fwp%2Fv2%2Ftags&post=4539"}],"curies":[{"name":"wp","href":"https:\/\/api.w.org\/{rel}","templated":true}]}}