{"id":4544,"date":"2025-12-06T09:49:19","date_gmt":"2025-12-06T09:49:19","guid":{"rendered":"https:\/\/parafiakrzyzowa.pl\/?p=4544"},"modified":"2025-12-06T09:49:29","modified_gmt":"2025-12-06T09:49:29","slug":"4544","status":"publish","type":"post","link":"https:\/\/parafiakrzyzowa.pl\/?p=4544","title":{"rendered":""},"content":{"rendered":"<p><strong><u>INTENCJE MSZY \u015aWI\u0118TYCH<\/u><\/strong><\/p>\n<p><strong><u>NIEDZIELA 7.XII. 2025r.<\/u><\/strong><\/p>\n<p>Godz. 8.00 &#8211; \u00a0\u00a0\u00a0\u00a0\u00a0+ Anna Cui\u0107ka w 31r. \u015bmierci<\/p>\n<p>Godz.10\u00a0\u00a0\u00a0 \u00a0&#8211; \u00a0\u00a0\u00a0\u00a0\u00a0\u00a0\u00a0O zdrowie i b\u0142. Bo\u017ce dla Barbary Wawak z okazji urodzin<\/p>\n<p>Godz. 18\u00a0\u00a0\u00a0 &#8211; \u00a0\u00a0\u00a0++ Franciszek i Maria Michalec<\/p>\n<p><strong><u>PONIEDZIA\u0141EK\u00a0 8.XII. 2025r.<\/u><\/strong><\/p>\n<p>Godz. 8:00 &#8211;\u00a0\u00a0 \u00a0\u00a0\u00a0+ J\u00f3zef Kormaniak<\/p>\n<p>Godz. 17 &#8211;\u00a0\u00a0\u00a0\u00a0 \u00a0\u00a0\u00a0\u00a0\u00a0 \u00a0W pewnej intencji<\/p>\n<p><strong><u>\u00a0<\/u><\/strong><\/p>\n<p><strong><u>\u00a0WTOREK 9.XII 2025r.<\/u><\/strong><\/p>\n<p>Godz. 17 \u00a0\u00a0&#8211;\u00a0\u00a0 \u00a0\u00a0\u00a0\u00a0\u00a0\u00a0\u00a0W intencji parafii<\/p>\n<p><strong><u>\u00a0\u015aRODA\u00a0 10.XII. 2025r.<\/u><\/strong><\/p>\n<p>Godz. 17\u00a0\u00a0 &#8211; \u00a0\u00a0\u00a0\u00a0\u00a0+ Daniel Dom\u017ca\u0142<\/p>\n<p><strong><u>\u00a0<\/u><\/strong><\/p>\n<p><strong><u>CZWARTEK\u00a0 11.XII. 2025r.<\/u><\/strong><\/p>\n<p><strong><u>\u00a0<\/u><\/strong><\/p>\n<p>Godz. 17 \u00a0\u00a0&#8211; \u00a0\u00a0\u00a0\u00a0\u00a0+ J\u00f3zef Kami\u0144ski junior<\/p>\n<p><strong><u>\u00a0<\/u><\/strong><\/p>\n<p><strong><u>\u00a0PI\u0104TEK\u00a0 12.XII. 2025 r.<\/u><\/strong><\/p>\n<p>Godz. 17\u00a0\u00a0 &#8211; \u00a0\u00a0\u00a0\u00a0\u00a0\u00a0+ Maria Kormaniak<\/p>\n<p><strong><u>\u00a0SOBOTA 13.XII. 2025r.<\/u><\/strong><\/p>\n<p>Godz. 17\u00a0\u00a0\u00a0 &#8211; \u00a0\u00a0\u00a0++ Maria Kormaniak m\u0105\u017c J\u00f3zef.<\/p>\n<p><strong><u>NIEDZIELA 14.XII. 2025r.<\/u><\/strong><\/p>\n<p>Godz.8:00 \u00a0&#8211; \u00a0\u00a0\u00a0\u00a0\u00a0+ W\u0142adys\u0142aw G\u00f3ra w 41r. \u015bmierci<\/p>\n<p>Godz.10:00 &#8211; \u00a0\u00a0++ J\u00f3zefa \u0141uszczek w 11r. \u015bmierci m\u0105\u017c Mieczys\u0142aw syn Tadeusz<\/p>\n<p>Godz. 18 \u00a0\u00a0\u00a0&#8211; \u00a0\u00a0\u00a0\u00a0\u00a0+ Jerzy Lipczy\u0144ski w 4r. \u015bmierci<\/p>\n","protected":false},"excerpt":{"rendered":"<p>INTENCJE MSZY \u015aWI\u0118TYCH NIEDZIELA 7.XII. 2025r. Godz. 8.00 &#8211; \u00a0\u00a0\u00a0\u00a0\u00a0+ Anna Cui\u0107ka w 31r. \u015bmierci Godz.10\u00a0\u00a0\u00a0 \u00a0&#8211; \u00a0\u00a0\u00a0\u00a0\u00a0\u00a0\u00a0O zdrowie i b\u0142. Bo\u017ce dla Barbary Wawak z okazji urodzin Godz. 18\u00a0\u00a0\u00a0 &#8211; \u00a0\u00a0\u00a0++ Franciszek i Maria Michalec PONIEDZIA\u0141EK\u00a0 8.XII. 2025r. Godz. 8:00 &#8211;\u00a0\u00a0 \u00a0\u00a0\u00a0+ J\u00f3zef Kormaniak Godz. 17 &#8211;\u00a0\u00a0\u00a0\u00a0 \u00a0\u00a0\u00a0\u00a0\u00a0 \u00a0W pewnej intencji \u00a0 \u00a0WTOREK 9.XII [&hellip;]<\/p>\n","protected":false},"author":3,"featured_media":0,"comment_status":"closed","ping_status":"closed","sticky":false,"template":"","format":"standard","meta":{"ngg_post_thumbnail":0,"footnotes":""},"categories":[7],"tags":[],"class_list":["post-4544","post","type-post","status-publish","format-standard","hentry","category-intencje"],"aioseo_notices":[],"_links":{"self":[{"href":"https:\/\/parafiakrzyzowa.pl\/index.php?rest_route=\/wp\/v2\/posts\/4544","targetHints":{"allow":["GET"]}}],"collection":[{"href":"https:\/\/parafiakrzyzowa.pl\/index.php?rest_route=\/wp\/v2\/posts"}],"about":[{"href":"https:\/\/parafiakrzyzowa.pl\/index.php?rest_route=\/wp\/v2\/types\/post"}],"author":[{"embeddable":true,"href":"https:\/\/parafiakrzyzowa.pl\/index.php?rest_route=\/wp\/v2\/users\/3"}],"replies":[{"embeddable":true,"href":"https:\/\/parafiakrzyzowa.pl\/index.php?rest_route=%2Fwp%2Fv2%2Fcomments&post=4544"}],"version-history":[{"count":2,"href":"https:\/\/parafiakrzyzowa.pl\/index.php?rest_route=\/wp\/v2\/posts\/4544\/revisions"}],"predecessor-version":[{"id":4546,"href":"https:\/\/parafiakrzyzowa.pl\/index.php?rest_route=\/wp\/v2\/posts\/4544\/revisions\/4546"}],"wp:attachment":[{"href":"https:\/\/parafiakrzyzowa.pl\/index.php?rest_route=%2Fwp%2Fv2%2Fmedia&parent=4544"}],"wp:term":[{"taxonomy":"category","embeddable":true,"href":"https:\/\/parafiakrzyzowa.pl\/index.php?rest_route=%2Fwp%2Fv2%2Fcategories&post=4544"},{"taxonomy":"post_tag","embeddable":true,"href":"https:\/\/parafiakrzyzowa.pl\/index.php?rest_route=%2Fwp%2Fv2%2Ftags&post=4544"}],"curies":[{"name":"wp","href":"https:\/\/api.w.org\/{rel}","templated":true}]}}