{"id":455,"date":"2016-04-15T07:38:31","date_gmt":"2016-04-15T07:38:31","guid":{"rendered":"http:\/\/mscieszka.nazwa.pl\/parafiakrzyzowa\/?p=455"},"modified":"2016-04-15T07:39:01","modified_gmt":"2016-04-15T07:39:01","slug":"455","status":"publish","type":"post","link":"https:\/\/parafiakrzyzowa.pl\/?p=455","title":{"rendered":""},"content":{"rendered":"<p>&nbsp;<\/p>\n<p><strong><u>INTENCJE\u00a0 MSZY \u00a0\u015aWI\u0118TYCH<\/u><\/strong><\/p>\n<p>&nbsp;<\/p>\n<p><strong><u>NIEDZIELA 17.IV. 2016r.<\/u><\/strong><\/p>\n<p>Godz. 8:00 &#8211;\u00a0\u00a0 +\u00a0 J\u00f3zef Jurasz w 10r. \u015bmierci<\/p>\n<p>Godz. 11\u00a0\u00a0 \u00a0&#8211;\u00a0\u00a0\u00a0\u00a0\u00a0\u00a0\u00a0 O zdrowie i b\u0142. Bo\u017ce dla Bogumi\u0142y i Stanis\u0142awa Chmur\u00f3w i ich dzieci<\/p>\n<p>Godz. 18\u00a0 \u00a0\u00a0&#8211; ++ Bronis\u0142aw J\u0119drzejas w 17r. \u015bmierci i \u017cona Wiktoria<\/p>\n<p><strong><u>PONIEDZIA\u0141EK\u00a0 18. IV. 2016r.<\/u><\/strong><\/p>\n<p>Godz. 18\u00a0\u00a0\u00a0 &#8211; \u00a0\u00a0\u00a0+ J\u00f3zef Dr\u0105g<\/p>\n<p><strong><u>WTOREK<\/u><\/strong><strong><u> 19.IV.2016r.<\/u><\/strong><\/p>\n<p>Godz. 7:00 &#8211; \u00a0\u00a0\u00a0\u00a0\u00a0\u00a0\u00a0W pewnej intencji<\/p>\n<p><strong><u>\u015aRODA 20. IV. 2016r.<\/u><\/strong><\/p>\n<p>Godz. 18\u00a0\u00a0\u00a0\u00a0 &#8211;\u00a0\u00a0\u00a0 + Lucyna kaleta<\/p>\n<p><strong><u>CZWARTEK 21.IV. 2016r.<\/u><\/strong><\/p>\n<p>Godz. 7:00 \u00a0&#8211; \u00a0\u00a0+\u00a0 Jan Matejczyk w 17r. \u015bmierci<\/p>\n<p><strong><u>\u00a0PI\u0104TEK 22 .IV. 2016r.<\/u><\/strong><\/p>\n<p>Godz.18\u00a0\u00a0\u00a0 &#8211;\u00a0 \u00a0\u00a0\u00a0\u00a0\u00a0Do Bo\u017cego Mi\u0142osierdzia<\/p>\n<p><strong><u>\u00a0SOBOTA 23. IV. 2016r.<\/u><\/strong><\/p>\n<p>Godz.18\u00a0 \u00a0\u00a0\u00a0&#8211;\u00a0 \u00a0\u00a0+ Kazimierz J\u0119drzejas<\/p>\n<p><strong><u>NIEDZIELA 24. IV 2016r.\u00a0<\/u><\/strong><\/p>\n<p>Godz.8:00 &#8211; \u00a0\u00a0++ Wojciech Majcherek \u017cona Marianna<\/p>\n<p>Godz.11 \u00a0\u00a0\u00a0&#8211; \u00a0\u00a0\u00a0\u00a0\u00a0+ Jozef Krzesak w 2r. \u015bmierci<\/p>\n<p>Godz.18\u00a0 \u00a0\u00a0&#8211;\u00a0\u00a0\u00a0 \u00a0\u00a0+ W\u0142adys\u0142aw Barcik<\/p>\n","protected":false},"excerpt":{"rendered":"<p>&nbsp; INTENCJE\u00a0 MSZY \u00a0\u015aWI\u0118TYCH &nbsp; NIEDZIELA 17.IV. 2016r. Godz. 8:00 &#8211;\u00a0\u00a0 +\u00a0 J\u00f3zef Jurasz w 10r. \u015bmierci Godz. 11\u00a0\u00a0 \u00a0&#8211;\u00a0\u00a0\u00a0\u00a0\u00a0\u00a0\u00a0 O zdrowie i b\u0142. Bo\u017ce dla Bogumi\u0142y i Stanis\u0142awa Chmur\u00f3w i ich dzieci Godz. 18\u00a0 \u00a0\u00a0&#8211; ++ Bronis\u0142aw J\u0119drzejas w 17r. \u015bmierci i \u017cona Wiktoria PONIEDZIA\u0141EK\u00a0 18. IV. 2016r. Godz. 18\u00a0\u00a0\u00a0 &#8211; \u00a0\u00a0\u00a0+ J\u00f3zef Dr\u0105g [&hellip;]<\/p>\n","protected":false},"author":3,"featured_media":0,"comment_status":"closed","ping_status":"open","sticky":false,"template":"","format":"standard","meta":{"ngg_post_thumbnail":0,"footnotes":""},"categories":[7],"tags":[],"class_list":["post-455","post","type-post","status-publish","format-standard","hentry","category-intencje"],"aioseo_notices":[],"_links":{"self":[{"href":"https:\/\/parafiakrzyzowa.pl\/index.php?rest_route=\/wp\/v2\/posts\/455","targetHints":{"allow":["GET"]}}],"collection":[{"href":"https:\/\/parafiakrzyzowa.pl\/index.php?rest_route=\/wp\/v2\/posts"}],"about":[{"href":"https:\/\/parafiakrzyzowa.pl\/index.php?rest_route=\/wp\/v2\/types\/post"}],"author":[{"embeddable":true,"href":"https:\/\/parafiakrzyzowa.pl\/index.php?rest_route=\/wp\/v2\/users\/3"}],"replies":[{"embeddable":true,"href":"https:\/\/parafiakrzyzowa.pl\/index.php?rest_route=%2Fwp%2Fv2%2Fcomments&post=455"}],"version-history":[{"count":1,"href":"https:\/\/parafiakrzyzowa.pl\/index.php?rest_route=\/wp\/v2\/posts\/455\/revisions"}],"predecessor-version":[{"id":456,"href":"https:\/\/parafiakrzyzowa.pl\/index.php?rest_route=\/wp\/v2\/posts\/455\/revisions\/456"}],"wp:attachment":[{"href":"https:\/\/parafiakrzyzowa.pl\/index.php?rest_route=%2Fwp%2Fv2%2Fmedia&parent=455"}],"wp:term":[{"taxonomy":"category","embeddable":true,"href":"https:\/\/parafiakrzyzowa.pl\/index.php?rest_route=%2Fwp%2Fv2%2Fcategories&post=455"},{"taxonomy":"post_tag","embeddable":true,"href":"https:\/\/parafiakrzyzowa.pl\/index.php?rest_route=%2Fwp%2Fv2%2Ftags&post=455"}],"curies":[{"name":"wp","href":"https:\/\/api.w.org\/{rel}","templated":true}]}}