{"id":458,"date":"2016-04-15T12:18:07","date_gmt":"2016-04-15T12:18:07","guid":{"rendered":"http:\/\/mscieszka.nazwa.pl\/parafiakrzyzowa\/?p=458"},"modified":"2016-04-15T12:18:55","modified_gmt":"2016-04-15T12:18:55","slug":"458","status":"publish","type":"post","link":"https:\/\/parafiakrzyzowa.pl\/?p=458","title":{"rendered":""},"content":{"rendered":"<p><strong>\u00a0\u00a0\u00a0\u00a0\u00a0\u00a0\u00a0\u00a0\u00a0\u00a0<\/strong><\/p>\n<p><strong>\u00a0\u00a0\u00a0\u00a0\u00a0\u00a0\u00a0\u00a0\u00a0\u00a0\u00a0\u00a0\u00a0\u00a0\u00a0\u00a0\u00a0 \u00a0\u00a0\u00a0\u00a0\u00a0\u00a0\u00a0\u00a0\u00a0\u00a0\u00a0<\/strong><\/p>\n<p><strong>\u00a0\u00a0\u00a0\u00a0\u00a0\u00a0\u00a0\u00a0\u00a0\u00a0\u00a0\u00a0\u00a0\u00a0\u00a0\u00a0\u00a0\u00a0\u00a0\u00a0\u00a0\u00a0\u00a0\u00a0\u00a0\u00a0\u00a0\u00a0\u00a0\u00a0 \u00a0<u>\u00a0IV NIEDZIELA\u00a0 WIELKANOCNA<\/u><\/strong><\/p>\n<p>&nbsp;<\/p>\n<p>Dzi\u015b niedziela Dobrego Pasterza. Modlimy si\u0119 o nowe powo\u0142ania kap\u0142a\u0144skie \u00a0 i zakonne.<\/p>\n<p>Dzi\u0119kujemy Panu Bogu za chrzest ksi\u0119cia Mieszka I , kt\u00f3ry wprowadzi\u0142 nas we wsp\u00f3lnot\u0119 narod\u00f3w chrze\u015bcija\u0144skich przed 1050 laty.<\/p>\n<p>Wszyscy jeste\u015bmy pod wra\u017ceniem uroczysto\u015bci , kt\u00f3re odbywa\u0142y si\u0119 w ostatnim tygodniu w naszej Ojczy\u017anie.<\/p>\n<p>&nbsp;<\/p>\n<p>Dzi\u015b Rada Duszpasterska b\u0119dzie zbiera\u0142a po domach ofiary na prace przy ko\u015bciele, kt\u00f3re rozpoczn\u0105 si\u0119 4 maja. W tym tygodniu b\u0119dzie ju\u017c zwo\u017cony materia\u0142 \u00a0i sk\u0142adowany na parkingu. Za ka\u017cd\u0105 ofiar\u0119 sk\u0142adam serdeczne B\u00f3g zap\u0142a\u0107.<\/p>\n<p>&nbsp;<\/p>\n<p>Dzi\u015b po wieczornej mszy \u015bwi\u0119tej spotkanie na plebanii ca\u0142ej Rady Duszpasterskiej.<\/p>\n<p>&nbsp;<\/p>\n<p>W \u015brod\u0119 o godz. 16:00 b\u0119dzie spotkanie dzieci z klasy III przed rocznic\u0105 I komunii \u015bwi\u0119tej.<\/p>\n<p>&nbsp;<\/p>\n<p>Zach\u0119cam do nabywania prasy katolickiej.<\/p>\n<p>&nbsp;<\/p>\n<p>B\u00f3g zap\u0142a\u0107 za sprz\u0105tanie ko\u015bcio\u0142a w tym tygodniu. Nast\u0119pne sprz\u0105tanie w sobot\u0119 \u00a0o godz. 9:00.<\/p>\n<p>&nbsp;<\/p>\n<p>&nbsp;<\/p>\n<p>Kalendarz liturgiczny<\/p>\n<p>&nbsp;<\/p>\n<p>&nbsp;<\/p>\n<p>Sobota \u2013 uroczysto\u015b\u0107 \u015bw. Wojciecha biskupa i m\u0119czennika g\u0142\u00f3wnego patrona Polski<\/p>\n<p>Intencje i og\u0142oszenia s\u0105 na stronie internetowej naszej parafii <a href=\"http:\/\/www.parafiakrzyzowa\/\">www.parafiakrzyzowa<\/a> .pl<\/p>\n<p>&nbsp;<\/p>\n<p>&nbsp;<\/p>\n","protected":false},"excerpt":{"rendered":"<p>\u00a0\u00a0\u00a0\u00a0\u00a0\u00a0\u00a0\u00a0\u00a0\u00a0 \u00a0\u00a0\u00a0\u00a0\u00a0\u00a0\u00a0\u00a0\u00a0\u00a0\u00a0\u00a0\u00a0\u00a0\u00a0\u00a0\u00a0 \u00a0\u00a0\u00a0\u00a0\u00a0\u00a0\u00a0\u00a0\u00a0\u00a0\u00a0 \u00a0\u00a0\u00a0\u00a0\u00a0\u00a0\u00a0\u00a0\u00a0\u00a0\u00a0\u00a0\u00a0\u00a0\u00a0\u00a0\u00a0\u00a0\u00a0\u00a0\u00a0\u00a0\u00a0\u00a0\u00a0\u00a0\u00a0\u00a0\u00a0\u00a0 \u00a0\u00a0IV NIEDZIELA\u00a0 WIELKANOCNA &nbsp; Dzi\u015b niedziela Dobrego Pasterza. Modlimy si\u0119 o nowe powo\u0142ania kap\u0142a\u0144skie \u00a0 i zakonne. Dzi\u0119kujemy Panu Bogu za chrzest ksi\u0119cia Mieszka I , kt\u00f3ry wprowadzi\u0142 nas we wsp\u00f3lnot\u0119 narod\u00f3w chrze\u015bcija\u0144skich przed 1050 laty. Wszyscy jeste\u015bmy pod wra\u017ceniem uroczysto\u015bci , kt\u00f3re odbywa\u0142y si\u0119 w ostatnim tygodniu w naszej Ojczy\u017anie. [&hellip;]<\/p>\n","protected":false},"author":3,"featured_media":0,"comment_status":"closed","ping_status":"open","sticky":false,"template":"","format":"standard","meta":{"ngg_post_thumbnail":0,"footnotes":""},"categories":[1,3],"tags":[],"class_list":["post-458","post","type-post","status-publish","format-standard","hentry","category-kazania","category-ogloszenia"],"aioseo_notices":[],"_links":{"self":[{"href":"https:\/\/parafiakrzyzowa.pl\/index.php?rest_route=\/wp\/v2\/posts\/458","targetHints":{"allow":["GET"]}}],"collection":[{"href":"https:\/\/parafiakrzyzowa.pl\/index.php?rest_route=\/wp\/v2\/posts"}],"about":[{"href":"https:\/\/parafiakrzyzowa.pl\/index.php?rest_route=\/wp\/v2\/types\/post"}],"author":[{"embeddable":true,"href":"https:\/\/parafiakrzyzowa.pl\/index.php?rest_route=\/wp\/v2\/users\/3"}],"replies":[{"embeddable":true,"href":"https:\/\/parafiakrzyzowa.pl\/index.php?rest_route=%2Fwp%2Fv2%2Fcomments&post=458"}],"version-history":[{"count":1,"href":"https:\/\/parafiakrzyzowa.pl\/index.php?rest_route=\/wp\/v2\/posts\/458\/revisions"}],"predecessor-version":[{"id":459,"href":"https:\/\/parafiakrzyzowa.pl\/index.php?rest_route=\/wp\/v2\/posts\/458\/revisions\/459"}],"wp:attachment":[{"href":"https:\/\/parafiakrzyzowa.pl\/index.php?rest_route=%2Fwp%2Fv2%2Fmedia&parent=458"}],"wp:term":[{"taxonomy":"category","embeddable":true,"href":"https:\/\/parafiakrzyzowa.pl\/index.php?rest_route=%2Fwp%2Fv2%2Fcategories&post=458"},{"taxonomy":"post_tag","embeddable":true,"href":"https:\/\/parafiakrzyzowa.pl\/index.php?rest_route=%2Fwp%2Fv2%2Ftags&post=458"}],"curies":[{"name":"wp","href":"https:\/\/api.w.org\/{rel}","templated":true}]}}