{"id":4611,"date":"2026-01-10T13:37:02","date_gmt":"2026-01-10T13:37:02","guid":{"rendered":"https:\/\/parafiakrzyzowa.pl\/?p=4611"},"modified":"2026-01-10T13:37:16","modified_gmt":"2026-01-10T13:37:16","slug":"4611","status":"publish","type":"post","link":"https:\/\/parafiakrzyzowa.pl\/?p=4611","title":{"rendered":""},"content":{"rendered":"<p><strong><u>INTENCJE MSZY \u015aWI\u0118TYCH<\/u><\/strong><\/p>\n<p><strong><u>NIEDZIELA 11. I. 2026r.<\/u><\/strong><\/p>\n<p>Godz. 8.00 &#8211; \u00a0\u00a0\u00a0\u00a0++ J\u00f3zef Krzy\u017cowski i rodzice<\/p>\n<p>Godz.10\u00a0\u00a0\u00a0 \u00a0&#8211; \u00a0\u00a0\u00a0\u00a0++ Stanis\u0142aw Walig\u00f3ra \u017con Magdalena syn Tadeusz<\/p>\n<p>Godz. 18\u00a0\u00a0\u00a0 &#8211; \u00a0\u00a0\u00a0\u00a0++ Franciszek Cwajna \u017cona Franciszka<\/p>\n<p><strong><u>PONIEDZIA\u0141EK\u00a0 12.I. 2026r<\/u><\/strong><\/p>\n<p>Godz. 17 &#8211;\u00a0\u00a0\u00a0\u00a0\u00a0\u00a0 \u00a0\u00a0\u00a0+ Maria Mrowiec w 2r. \u015bmierci<\/p>\n<p><strong><u>\u00a0<\/u><\/strong><\/p>\n<p><strong><u>\u00a0WTOREK 13.I 2026r.<\/u><\/strong><\/p>\n<p>Godz. 7:00 &#8211;\u00a0\u00a0\u00a0\u00a0\u00a0\u00a0\u00a0\u00a0\u00a0 W intencji Parafian<\/p>\n<p><strong><u>\u00a0\u015aRODA\u00a0 14.I. 2026r.<\/u><\/strong><\/p>\n<p>Godz. 17:00 &#8211;\u00a0\u00a0 ++ Jan Kami\u0144ski w 5r. \u015bmierci\u00a0 rodzice Rozalia i J\u00f3zef<\/p>\n<p><strong><u>\u00a0<\/u><\/strong><\/p>\n<p><strong><u>CZWARTEK\u00a0 15.I. 2026r. <\/u><\/strong><\/p>\n<p>Godz. 7:00 \u00a0\u00a0&#8211; \u00a0\u00a0\u00a0\u00a0+ J\u00f3zef J\u0119drzejas<\/p>\n<p><strong><u>\u00a0<\/u><\/strong><\/p>\n<p><strong><u>PI\u0104TEK\u00a0 16.I. 2026 r. <\/u><\/strong><\/p>\n<p>Godz. 17 \u00a0\u00a0\u00a0\u00a0&#8211;\u00a0\u00a0\u00a0\u00a0 \u00a0+ Rozalia S\u0142owik w 6r. \u015bmierci<\/p>\n<p><strong><u>\u00a0<\/u><\/strong><\/p>\n<p><strong><u>SOBOTA 17.I. 2026r.<\/u><\/strong><\/p>\n<p>Godz. 17\u00a0\u00a0\u00a0 &#8211; \u00a0\u00a0\u00a0\u00a0++ Eugeniusz Gawlas w 3r. \u015bmierci<\/p>\n<p><strong><u>NIEDZIELA 18.I. 2026r.<\/u><\/strong><\/p>\n<p>Godz.8:00 \u00a0&#8211; \u00a0\u00a0\u00a0\u00a0++ Tadeusz S\u0142owik w 5r. \u015bmierci \u017cona Anna<\/p>\n<p>Godz.10:00 &#8211; \u00a0\u00a0\u00a0\u00a0\u00a0\u00a0\u00a0\u00a0\u00a0O zdrowie i b\u0142. Bo\u017ce dla Filipka Kami\u0144skiego w 3r. urodzin<\/p>\n<p>Godz. 18 \u00a0\u00a0\u00a0&#8211; \u00a0\u00a0\u00a0\u00a0\u00a0\u00a0\u00a0+ Anna Cwajna w 16r. \u015bmierci<\/p>\n","protected":false},"excerpt":{"rendered":"<p>INTENCJE MSZY \u015aWI\u0118TYCH NIEDZIELA 11. I. 2026r. Godz. 8.00 &#8211; \u00a0\u00a0\u00a0\u00a0++ J\u00f3zef Krzy\u017cowski i rodzice Godz.10\u00a0\u00a0\u00a0 \u00a0&#8211; \u00a0\u00a0\u00a0\u00a0++ Stanis\u0142aw Walig\u00f3ra \u017con Magdalena syn Tadeusz Godz. 18\u00a0\u00a0\u00a0 &#8211; \u00a0\u00a0\u00a0\u00a0++ Franciszek Cwajna \u017cona Franciszka PONIEDZIA\u0141EK\u00a0 12.I. 2026r Godz. 17 &#8211;\u00a0\u00a0\u00a0\u00a0\u00a0\u00a0 \u00a0\u00a0\u00a0+ Maria Mrowiec w 2r. \u015bmierci \u00a0 \u00a0WTOREK 13.I 2026r. Godz. 7:00 &#8211;\u00a0\u00a0\u00a0\u00a0\u00a0\u00a0\u00a0\u00a0\u00a0 W intencji Parafian \u00a0\u015aRODA\u00a0 [&hellip;]<\/p>\n","protected":false},"author":3,"featured_media":0,"comment_status":"closed","ping_status":"closed","sticky":false,"template":"","format":"standard","meta":{"ngg_post_thumbnail":0,"footnotes":""},"categories":[7],"tags":[],"class_list":["post-4611","post","type-post","status-publish","format-standard","hentry","category-intencje"],"aioseo_notices":[],"_links":{"self":[{"href":"https:\/\/parafiakrzyzowa.pl\/index.php?rest_route=\/wp\/v2\/posts\/4611","targetHints":{"allow":["GET"]}}],"collection":[{"href":"https:\/\/parafiakrzyzowa.pl\/index.php?rest_route=\/wp\/v2\/posts"}],"about":[{"href":"https:\/\/parafiakrzyzowa.pl\/index.php?rest_route=\/wp\/v2\/types\/post"}],"author":[{"embeddable":true,"href":"https:\/\/parafiakrzyzowa.pl\/index.php?rest_route=\/wp\/v2\/users\/3"}],"replies":[{"embeddable":true,"href":"https:\/\/parafiakrzyzowa.pl\/index.php?rest_route=%2Fwp%2Fv2%2Fcomments&post=4611"}],"version-history":[{"count":2,"href":"https:\/\/parafiakrzyzowa.pl\/index.php?rest_route=\/wp\/v2\/posts\/4611\/revisions"}],"predecessor-version":[{"id":4613,"href":"https:\/\/parafiakrzyzowa.pl\/index.php?rest_route=\/wp\/v2\/posts\/4611\/revisions\/4613"}],"wp:attachment":[{"href":"https:\/\/parafiakrzyzowa.pl\/index.php?rest_route=%2Fwp%2Fv2%2Fmedia&parent=4611"}],"wp:term":[{"taxonomy":"category","embeddable":true,"href":"https:\/\/parafiakrzyzowa.pl\/index.php?rest_route=%2Fwp%2Fv2%2Fcategories&post=4611"},{"taxonomy":"post_tag","embeddable":true,"href":"https:\/\/parafiakrzyzowa.pl\/index.php?rest_route=%2Fwp%2Fv2%2Ftags&post=4611"}],"curies":[{"name":"wp","href":"https:\/\/api.w.org\/{rel}","templated":true}]}}