{"id":464,"date":"2016-04-22T19:42:54","date_gmt":"2016-04-22T19:42:54","guid":{"rendered":"http:\/\/mscieszka.nazwa.pl\/parafiakrzyzowa\/?p=464"},"modified":"2016-04-22T19:43:10","modified_gmt":"2016-04-22T19:43:10","slug":"464","status":"publish","type":"post","link":"https:\/\/parafiakrzyzowa.pl\/?p=464","title":{"rendered":""},"content":{"rendered":"<ul>\n<li>&nbsp;\n<p>Krzy\u017cowa dn. 24.IV. 2016 r.<\/p>\n<p>&nbsp;<\/p>\n<p><strong>\u00a0<u>\u00a0V NIEDZIELA\u00a0 WIELKANOCNA<\/u><\/strong><\/p>\n<p>&nbsp;<\/p>\n<p>Trwa peregrynacja po naszych rodzinach Obraz Pana Jezusa Mi\u0142osiernego . Ca\u0142a parafia modli si\u0119 w intencji rodzin , kt\u00f3re goszcz\u0105 naszego Zbawiciela i prosi \u00a0o pojednanie dla tych rodzin.<\/p>\n<p>&nbsp;<\/p>\n<p>Bardzo serdecznie dzi\u0119kuj\u0119 za ofiary , kt\u00f3re ca\u0142a parafia z\u0142o\u017cy\u0142a w ostatni\u0105 niedziel\u0119 na prace przy ko\u015bciele , kt\u00f3re rozpoczn\u0105 si\u0119 praktycznie za tydzie\u0144.<\/p>\n<p>&nbsp;<\/p>\n<p>W najbli\u017csz\u0105 sobot\u0119 od godz. 16 do 17 b\u0119dzie spowied\u017a \u015bw. dla dzieci klasy III przed rocznic\u0105 I Komunii \u015bw. i dla ich rodzic\u00f3w. Serdecznie zapraszam.<\/p>\n<p>&nbsp;<\/p>\n<p>Zapraszam na codzienn\u0105 msz\u0119 \u015bw. do naszego ko\u015bcio\u0142a. Niech powi\u0119ksza si\u0119 liczba tych , kt\u00f3rzy codziennie uczestnicz\u0105 we mszy \u015bw. i przyjmuj\u0105 komuni\u0119 \u015bw.<\/p>\n<p>&nbsp;<\/p>\n<p>Zach\u0119cam do nabywania prasy katolickiej.<\/p>\n<p>&nbsp;<\/p>\n<p>B\u00f3g zap\u0142a\u0107 za sprz\u0105tanie ko\u015bcio\u0142a w tym tygodniu. Nast\u0119pne sprz\u0105tanie b\u0119dzie \u00a0w sobot\u0119 o godz. 9:00<\/p>\n<p>&nbsp;<\/p>\n<p>&nbsp;<\/p>\n<p>Kalendarz liturgiczny<\/p>\n<p>&nbsp;<\/p>\n<p>Poniedzia\u0142ek \u2013 \u015bwi\u0119to \u015bw. Marka ewangelistyPi\u0105tek \u2013 \u015bwi\u0119to \u015bw. Katarzyny Siene\u0144skiej dziewicy i doktora Ko\u015bcio\u0142a patronki Europy<\/p>\n<p>&nbsp;<\/p>\n<p>&nbsp;<\/li>\n<\/ul>\n","protected":false},"excerpt":{"rendered":"<p>&nbsp; Krzy\u017cowa dn. 24.IV. 2016 r. &nbsp; \u00a0\u00a0V NIEDZIELA\u00a0 WIELKANOCNA &nbsp; Trwa peregrynacja po naszych rodzinach Obraz Pana Jezusa Mi\u0142osiernego . Ca\u0142a parafia modli si\u0119 w intencji rodzin , kt\u00f3re goszcz\u0105 naszego Zbawiciela i prosi \u00a0o pojednanie dla tych rodzin. &nbsp; Bardzo serdecznie dzi\u0119kuj\u0119 za ofiary , kt\u00f3re ca\u0142a parafia z\u0142o\u017cy\u0142a w ostatni\u0105 niedziel\u0119 na [&hellip;]<\/p>\n","protected":false},"author":3,"featured_media":0,"comment_status":"closed","ping_status":"open","sticky":false,"template":"","format":"standard","meta":{"ngg_post_thumbnail":0,"footnotes":""},"categories":[3],"tags":[],"class_list":["post-464","post","type-post","status-publish","format-standard","hentry","category-ogloszenia"],"aioseo_notices":[],"_links":{"self":[{"href":"https:\/\/parafiakrzyzowa.pl\/index.php?rest_route=\/wp\/v2\/posts\/464","targetHints":{"allow":["GET"]}}],"collection":[{"href":"https:\/\/parafiakrzyzowa.pl\/index.php?rest_route=\/wp\/v2\/posts"}],"about":[{"href":"https:\/\/parafiakrzyzowa.pl\/index.php?rest_route=\/wp\/v2\/types\/post"}],"author":[{"embeddable":true,"href":"https:\/\/parafiakrzyzowa.pl\/index.php?rest_route=\/wp\/v2\/users\/3"}],"replies":[{"embeddable":true,"href":"https:\/\/parafiakrzyzowa.pl\/index.php?rest_route=%2Fwp%2Fv2%2Fcomments&post=464"}],"version-history":[{"count":1,"href":"https:\/\/parafiakrzyzowa.pl\/index.php?rest_route=\/wp\/v2\/posts\/464\/revisions"}],"predecessor-version":[{"id":465,"href":"https:\/\/parafiakrzyzowa.pl\/index.php?rest_route=\/wp\/v2\/posts\/464\/revisions\/465"}],"wp:attachment":[{"href":"https:\/\/parafiakrzyzowa.pl\/index.php?rest_route=%2Fwp%2Fv2%2Fmedia&parent=464"}],"wp:term":[{"taxonomy":"category","embeddable":true,"href":"https:\/\/parafiakrzyzowa.pl\/index.php?rest_route=%2Fwp%2Fv2%2Fcategories&post=464"},{"taxonomy":"post_tag","embeddable":true,"href":"https:\/\/parafiakrzyzowa.pl\/index.php?rest_route=%2Fwp%2Fv2%2Ftags&post=464"}],"curies":[{"name":"wp","href":"https:\/\/api.w.org\/{rel}","templated":true}]}}