{"id":4647,"date":"2026-01-31T07:04:57","date_gmt":"2026-01-31T07:04:57","guid":{"rendered":"https:\/\/parafiakrzyzowa.pl\/?p=4647"},"modified":"2026-01-31T17:37:43","modified_gmt":"2026-01-31T17:37:43","slug":"4647","status":"publish","type":"post","link":"https:\/\/parafiakrzyzowa.pl\/?p=4647","title":{"rendered":""},"content":{"rendered":"<p>.\u00a0\u00a0\u00a0\u00a0\u00a0\u00a0\u00a0\u00a0\u00a0\u00a0\u00a0\u00a0\u00a0\u00a0\u00a0\u00a0\u00a0\u00a0\u00a0\u00a0\u00a0\u00a0\u00a0\u00a0\u00a0\u00a0\u00a0\u00a0\u00a0\u00a0\u00a0\u00a0\u00a0\u00a0\u00a0\u00a0\u00a0\u00a0\u00a0\u00a0\u00a0\u00a0\u00a0\u00a0\u00a0\u00a0\u00a0\u00a0\u00a0\u00a0\u00a0\u00a0\u00a0\u00a0\u00a0\u00a0\u00a0\u00a0\u00a0\u00a0\u00a0\u00a0\u00a0\u00a0\u00a0\u00a0\u00a0\u00a0\u00a0\u00a0\u00a0\u00a0\u00a0\u00a0\u00a0\u00a0\u00a0\u00a0\u00a0\u00a0\u00a0\u00a0\u00a0\u00a0\u00a0\u00a0\u00a0\u00a0\u00a0\u00a0\u00a0\u00a0\u00a0\u00a0\u00a0\u00a0\u00a0\u00a0\u00a0\u00a0\u00a0\u00a0\u00a0\u00a0\u00a0\u00a0\u00a0\u00a0\u00a0\u00a0\u00a0\u00a0\u00a0\u00a0 <strong>Krzy\u017cowa 1 .II. 2026r<\/strong><strong>.<\/strong><\/p>\n<p><strong>\u00a0\u00a0\u00a0\u00a0\u00a0\u00a0\u00a0\u00a0\u00a0\u00a0\u00a0\u00a0\u00a0\u00a0\u00a0\u00a0\u00a0\u00a0 <\/strong><\/p>\n<p><strong>\u00a0\u00a0\u00a0\u00a0\u00a0\u00a0\u00a0\u00a0\u00a0\u00a0\u00a0\u00a0\u00a0 \u00a0\u00a0\u00a0\u00a0\u00a0\u00a0\u00a0\u00a0\u00a0<\/strong><strong>\u00a0\u00a0<u>IV NIEDZIELA ZWYK\u0141A<\/u><\/strong><\/p>\n<p>Dzi\u015b przypada I niedziela miesi\u0105ca. Po ka\u017cdej mszy \u015bw. adoracja Pana\u00a0 Jezusa w Naj\u015bwi\u0119tszym Sakramencie..<\/p>\n<p>Jutro przypada \u015bwi\u0119to Ofiarowania Pa\u0144skiego czyli Matki Bo\u017cej Gromnicznej . Msze \u015bw. w naszym ko\u015bciele b\u0119d\u0105 o godz. 8:00 i 17 wieczorem. Przynosimy do ko\u015bcio\u0142a\u00a0 Gromnice do po\u015bwi\u0119cenia. Zadbajmy aby w naszych domach by\u0142a specjalna \u015bwieca \u2013 Gromnica.<\/p>\n<p>W tym tygodniu przypada I czwartek pi\u0105tek i sobota miesi\u0105ca. Spowied\u017a \u015bw. w\u00a0 czwartek i pi\u0105tek od 16 do 17.\u00a0 Bardzo serdecznie zapraszam . Wizyta\u00a0\u00a0\u00a0\u00a0\u00a0\u00a0 u chorych i senior\u00f3w z Panem Jezusem w pi\u0105tek od godz. 9:00.<\/p>\n<p>W \u015brod\u0119 r\u00f3\u017caniec za Ojczyzn\u0119 a potem Nowenna do Matki Bo\u017cej Nieustaj\u0105cej Pomocy. Serdecznie zapraszam.<\/p>\n<p>W sobot\u0119 bardzo prosz\u0119 o r\u00f3\u017caniec za nasz\u0105 parafi\u0119\u00a0 przed wizytacj\u0105\u00a0\u00a0\u00a0\u00a0\u00a0\u00a0\u00a0\u00a0\u00a0\u00a0 ks. Biskupa.<\/p>\n<p>W poniedzia\u0142ek o godz. 16 spotkanie z dzie\u0107mi z klasy III.<\/p>\n<p>W poniedzia\u0142ek po wieczornej mszy \u015bw. spotkanie z Radami naszej parafii Duszpastersk\u0105 i Ekonomiczn\u0105. Bardzo serdecznie prosz\u0119 o obecno\u015b\u0107 . Musimy om\u00f3wi\u0107 wa\u017cne sprawy zwi\u0105zane z wizytacj\u0105 i naszymi planami inwestycyjnymi w tym roku.<\/p>\n<p>Zach\u0119cam do nabywania prasy katolickiej.<\/p>\n<p>Dzi\u0119kuj\u0119 za sprz\u0105tanie ko\u015bcio\u0142a w ubieg\u0142ym \u00a0tygodniu. Nast\u0119pne sprz\u0105tanie b\u0119dzie w pi\u0105tek po wieczornej mszy \u015bw. Sprz\u0105taj\u0105 Panie: Anna Wylecia\u0142 Krystyna Michalec\u00a0 Stanis\u0142awa Pastor i Agata Spyrka.<\/p>\n<p>Kalendarz liturgiczny<\/p>\n<p>Poniedzia\u0142ek \u2013 \u00a0\u015bwi\u0119to Ofiarowania Pa\u0144skiego<\/p>\n<p>Czwartek \u2013 wsp. \u015bw. Agaty dziewicy i m\u0119czennicy<\/p>\n<p>Pi\u0105tek \u2013 wsp. \u015bw. m\u0119czennik\u00f3w Paw\u0142a Miki i Towarzyszy<\/p>\n<p>Spotkanie z I grup\u0105 kandydat\u00f3w do Bierzmowania b\u0119dzie w pi\u0105tek po wieczornej mszy \u015bw.<\/p>\n","protected":false},"excerpt":{"rendered":"<p>.\u00a0\u00a0\u00a0\u00a0\u00a0\u00a0\u00a0\u00a0\u00a0\u00a0\u00a0\u00a0\u00a0\u00a0\u00a0\u00a0\u00a0\u00a0\u00a0\u00a0\u00a0\u00a0\u00a0\u00a0\u00a0\u00a0\u00a0\u00a0\u00a0\u00a0\u00a0\u00a0\u00a0\u00a0\u00a0\u00a0\u00a0\u00a0\u00a0\u00a0\u00a0\u00a0\u00a0\u00a0\u00a0\u00a0\u00a0\u00a0\u00a0\u00a0\u00a0\u00a0\u00a0\u00a0\u00a0\u00a0\u00a0\u00a0\u00a0\u00a0\u00a0\u00a0\u00a0\u00a0\u00a0\u00a0\u00a0\u00a0\u00a0\u00a0\u00a0\u00a0\u00a0\u00a0\u00a0\u00a0\u00a0\u00a0\u00a0\u00a0\u00a0\u00a0\u00a0\u00a0\u00a0\u00a0\u00a0\u00a0\u00a0\u00a0\u00a0\u00a0\u00a0\u00a0\u00a0\u00a0\u00a0\u00a0\u00a0\u00a0\u00a0\u00a0\u00a0\u00a0\u00a0\u00a0\u00a0\u00a0\u00a0\u00a0\u00a0\u00a0\u00a0\u00a0 Krzy\u017cowa 1 .II. 2026r. \u00a0\u00a0\u00a0\u00a0\u00a0\u00a0\u00a0\u00a0\u00a0\u00a0\u00a0\u00a0\u00a0\u00a0\u00a0\u00a0\u00a0\u00a0 \u00a0\u00a0\u00a0\u00a0\u00a0\u00a0\u00a0\u00a0\u00a0\u00a0\u00a0\u00a0\u00a0 \u00a0\u00a0\u00a0\u00a0\u00a0\u00a0\u00a0\u00a0\u00a0\u00a0\u00a0IV NIEDZIELA ZWYK\u0141A Dzi\u015b przypada I niedziela miesi\u0105ca. Po ka\u017cdej mszy \u015bw. adoracja Pana\u00a0 Jezusa w Naj\u015bwi\u0119tszym Sakramencie.. Jutro przypada \u015bwi\u0119to Ofiarowania Pa\u0144skiego czyli Matki Bo\u017cej Gromnicznej . Msze \u015bw. w naszym ko\u015bciele b\u0119d\u0105 o godz. 8:00 i 17 wieczorem. Przynosimy do ko\u015bcio\u0142a\u00a0 Gromnice do po\u015bwi\u0119cenia. Zadbajmy aby [&hellip;]<\/p>\n","protected":false},"author":3,"featured_media":0,"comment_status":"closed","ping_status":"closed","sticky":false,"template":"","format":"standard","meta":{"ngg_post_thumbnail":0,"footnotes":""},"categories":[3],"tags":[],"class_list":["post-4647","post","type-post","status-publish","format-standard","hentry","category-ogloszenia"],"aioseo_notices":[],"_links":{"self":[{"href":"https:\/\/parafiakrzyzowa.pl\/index.php?rest_route=\/wp\/v2\/posts\/4647","targetHints":{"allow":["GET"]}}],"collection":[{"href":"https:\/\/parafiakrzyzowa.pl\/index.php?rest_route=\/wp\/v2\/posts"}],"about":[{"href":"https:\/\/parafiakrzyzowa.pl\/index.php?rest_route=\/wp\/v2\/types\/post"}],"author":[{"embeddable":true,"href":"https:\/\/parafiakrzyzowa.pl\/index.php?rest_route=\/wp\/v2\/users\/3"}],"replies":[{"embeddable":true,"href":"https:\/\/parafiakrzyzowa.pl\/index.php?rest_route=%2Fwp%2Fv2%2Fcomments&post=4647"}],"version-history":[{"count":3,"href":"https:\/\/parafiakrzyzowa.pl\/index.php?rest_route=\/wp\/v2\/posts\/4647\/revisions"}],"predecessor-version":[{"id":4655,"href":"https:\/\/parafiakrzyzowa.pl\/index.php?rest_route=\/wp\/v2\/posts\/4647\/revisions\/4655"}],"wp:attachment":[{"href":"https:\/\/parafiakrzyzowa.pl\/index.php?rest_route=%2Fwp%2Fv2%2Fmedia&parent=4647"}],"wp:term":[{"taxonomy":"category","embeddable":true,"href":"https:\/\/parafiakrzyzowa.pl\/index.php?rest_route=%2Fwp%2Fv2%2Fcategories&post=4647"},{"taxonomy":"post_tag","embeddable":true,"href":"https:\/\/parafiakrzyzowa.pl\/index.php?rest_route=%2Fwp%2Fv2%2Ftags&post=4647"}],"curies":[{"name":"wp","href":"https:\/\/api.w.org\/{rel}","templated":true}]}}