{"id":4657,"date":"2026-02-07T09:25:52","date_gmt":"2026-02-07T09:25:52","guid":{"rendered":"https:\/\/parafiakrzyzowa.pl\/?p=4657"},"modified":"2026-02-07T09:26:19","modified_gmt":"2026-02-07T09:26:19","slug":"4657","status":"publish","type":"post","link":"https:\/\/parafiakrzyzowa.pl\/?p=4657","title":{"rendered":""},"content":{"rendered":"<p>.\u00a0\u00a0\u00a0\u00a0\u00a0\u00a0\u00a0\u00a0\u00a0\u00a0\u00a0\u00a0\u00a0\u00a0\u00a0\u00a0\u00a0\u00a0\u00a0\u00a0\u00a0\u00a0\u00a0\u00a0\u00a0\u00a0\u00a0\u00a0\u00a0\u00a0\u00a0\u00a0\u00a0\u00a0\u00a0\u00a0\u00a0\u00a0\u00a0\u00a0\u00a0\u00a0\u00a0\u00a0\u00a0\u00a0\u00a0\u00a0\u00a0\u00a0\u00a0\u00a0\u00a0\u00a0\u00a0\u00a0\u00a0\u00a0\u00a0\u00a0\u00a0\u00a0\u00a0\u00a0\u00a0\u00a0\u00a0\u00a0\u00a0\u00a0\u00a0\u00a0\u00a0\u00a0\u00a0\u00a0\u00a0\u00a0\u00a0\u00a0\u00a0\u00a0\u00a0\u00a0\u00a0\u00a0\u00a0\u00a0\u00a0\u00a0\u00a0\u00a0\u00a0\u00a0\u00a0\u00a0\u00a0\u00a0\u00a0\u00a0\u00a0\u00a0\u00a0\u00a0\u00a0\u00a0\u00a0\u00a0\u00a0\u00a0\u00a0\u00a0\u00a0\u00a0 <strong>Krzy\u017cowa 8 .II. 2026r<\/strong><strong>.<\/strong><\/p>\n<p><strong>\u00a0\u00a0\u00a0\u00a0\u00a0\u00a0\u00a0\u00a0\u00a0\u00a0\u00a0\u00a0\u00a0\u00a0\u00a0\u00a0\u00a0\u00a0 <\/strong><\/p>\n<p><strong>\u00a0\u00a0\u00a0\u00a0\u00a0\u00a0\u00a0\u00a0\u00a0\u00a0\u00a0\u00a0\u00a0 \u00a0\u00a0\u00a0\u00a0\u00a0\u00a0\u00a0\u00a0\u00a0<\/strong><strong>\u00a0\u00a0<u>V NIEDZIELA ZWYK\u0141A<\/u><\/strong><\/p>\n<p>W najbli\u017csz\u0105 niedziel\u0119 15 lutego b\u0119dziemy prze\u017cywali 40 godzinne nabo\u017ce\u0144stwo przed Wielkim Postem. Po mszy \u015bw. o godz. 10 b\u0119dzie wystawiony w ko\u015bciele\u00a0 Pan Jezus w Naj\u015bwi\u0119tszym Sakramencie do mszy \u015bw. wieczornej do godz. 18.\u00a0 Adoracja odbywa si\u0119 w ciszy a ja serdecznie zapraszam ca\u0142\u0105 parafi\u0119 na adoracj\u0119. Przedstawiajmy Panu Jezusowi nasze pro\u015bby i czy\u0144my postanowienia wielkopostne Odwiedzajmy Pana Jezusa\u00a0\u00a0 w korzystnym czasie ca\u0142ymi rodzinami. Szczeg\u00f3lnie zapraszam dzieci i m\u0142odzie\u017c .<\/p>\n<p>W najbli\u017csz\u0105 sobot\u0119 kandydaci do Bierzmowania z klasy I szk\u00f3\u0142 \u015brednich\u00a0\u00a0 \u00a0\u00a0\u00a0\u00a0\u00a0\u00a0\u00a0\u00a0\u00a0\u00a0i 8 szko\u0142y podstawowej maj\u0105 ca\u0142odzienny dzie\u0144 skupienia u OO. Franciszkan\u00f3w w Koszarawie Bystrej. O godz. 8:00 spotykamy si\u0119 na parkingu przy ko\u015bciele\u00a0\u00a0\u00a0\u00a0\u00a0\u00a0\u00a0\u00a0\u00a0\u00a0\u00a0\u00a0\u00a0\u00a0\u00a0\u00a0\u00a0\u00a0\u00a0\u00a0\u00a0\u00a0 i wsp\u00f3lnie razem z m\u0142odzie\u017c\u0105 z Jele\u015bni pojedziemy autobusem. Na miejscu m\u0142odzie\u017c b\u0119dzie mia\u0142a zapewnione posi\u0142ki z obiadem w\u0142\u0105cznie ,ale zabieraj\u0105 ze sob\u0105 po 100 z\u0142. Powr\u00f3t do dom\u00f3w wieczorem.<\/p>\n<p>Dzi\u0119kuj\u0119 Radzie duszpasterskiej i ekonomicznej za spotkanie na kt\u00f3rym om\u00f3wili\u015bmy nowe inwestycje w naszej parafii. Jest pe\u0142na zgoda \u00a0na remont budynku gospodarczego i zmian\u0119 ogrzewania ko\u015bcio\u0142a. Teraz musi by\u0107 zgoda was parafian bo bez was wszystkie zamiary pozostan\u0105 jako marzenia.<\/p>\n<p>W \u015brod\u0119 r\u00f3\u017caniec za Ojczyzn\u0119 a potem Nowenna do Matki Bo\u017cej Nieustaj\u0105cej Pomocy. Serdecznie zapraszam<\/p>\n<p>W poniedzia\u0142ek o godz. 16 spotkanie z dzie\u0107mi z klasy III.<\/p>\n<p>Zach\u0119cam do nabywania prasy katolickiej.<\/p>\n<p>Dzi\u0119kuj\u0119 za sprz\u0105tanie ko\u015bcio\u0142a w ubieg\u0142ym \u00a0tygodniu. Nast\u0119pne sprz\u0105tanie b\u0119dzie w pi\u0105tek po wieczornej mszy \u015bw. Sprz\u0105taj\u0105 Panie: Teresa Kormaniak Sabina Z\u0105bek Katarzyna Mrowiec i Katarzyna Madali\u0144ski.<\/p>\n<p>Kalendarz liturgiczny<\/p>\n<p>Wtorek \u2013 wsp. \u015bw. Scholastyki dziewicy<\/p>\n<p>\u015aroda \u2013 wsp. Matki Bo\u017cej z Lourdes<\/p>\n<p>Sobota \u2013 wsp. \u015bwi\u0119tych Cyryla mnicha i Metodego biskupa<\/p>\n<p>Spotkanie z II grup\u0105 kandydat\u00f3w do Bierzmowania b\u0119dzie w pi\u0105tek po wieczornej mszy \u015bw.<\/p>\n","protected":false},"excerpt":{"rendered":"<p>.\u00a0\u00a0\u00a0\u00a0\u00a0\u00a0\u00a0\u00a0\u00a0\u00a0\u00a0\u00a0\u00a0\u00a0\u00a0\u00a0\u00a0\u00a0\u00a0\u00a0\u00a0\u00a0\u00a0\u00a0\u00a0\u00a0\u00a0\u00a0\u00a0\u00a0\u00a0\u00a0\u00a0\u00a0\u00a0\u00a0\u00a0\u00a0\u00a0\u00a0\u00a0\u00a0\u00a0\u00a0\u00a0\u00a0\u00a0\u00a0\u00a0\u00a0\u00a0\u00a0\u00a0\u00a0\u00a0\u00a0\u00a0\u00a0\u00a0\u00a0\u00a0\u00a0\u00a0\u00a0\u00a0\u00a0\u00a0\u00a0\u00a0\u00a0\u00a0\u00a0\u00a0\u00a0\u00a0\u00a0\u00a0\u00a0\u00a0\u00a0\u00a0\u00a0\u00a0\u00a0\u00a0\u00a0\u00a0\u00a0\u00a0\u00a0\u00a0\u00a0\u00a0\u00a0\u00a0\u00a0\u00a0\u00a0\u00a0\u00a0\u00a0\u00a0\u00a0\u00a0\u00a0\u00a0\u00a0\u00a0\u00a0\u00a0\u00a0\u00a0\u00a0\u00a0 Krzy\u017cowa 8 .II. 2026r. \u00a0\u00a0\u00a0\u00a0\u00a0\u00a0\u00a0\u00a0\u00a0\u00a0\u00a0\u00a0\u00a0\u00a0\u00a0\u00a0\u00a0\u00a0 \u00a0\u00a0\u00a0\u00a0\u00a0\u00a0\u00a0\u00a0\u00a0\u00a0\u00a0\u00a0\u00a0 \u00a0\u00a0\u00a0\u00a0\u00a0\u00a0\u00a0\u00a0\u00a0\u00a0\u00a0V NIEDZIELA ZWYK\u0141A W najbli\u017csz\u0105 niedziel\u0119 15 lutego b\u0119dziemy prze\u017cywali 40 godzinne nabo\u017ce\u0144stwo przed Wielkim Postem. Po mszy \u015bw. o godz. 10 b\u0119dzie wystawiony w ko\u015bciele\u00a0 Pan Jezus w Naj\u015bwi\u0119tszym Sakramencie do mszy \u015bw. wieczornej do godz. 18.\u00a0 Adoracja odbywa si\u0119 w ciszy a ja serdecznie zapraszam ca\u0142\u0105 [&hellip;]<\/p>\n","protected":false},"author":3,"featured_media":0,"comment_status":"closed","ping_status":"closed","sticky":false,"template":"","format":"standard","meta":{"ngg_post_thumbnail":0,"footnotes":""},"categories":[3],"tags":[],"class_list":["post-4657","post","type-post","status-publish","format-standard","hentry","category-ogloszenia"],"aioseo_notices":[],"_links":{"self":[{"href":"https:\/\/parafiakrzyzowa.pl\/index.php?rest_route=\/wp\/v2\/posts\/4657","targetHints":{"allow":["GET"]}}],"collection":[{"href":"https:\/\/parafiakrzyzowa.pl\/index.php?rest_route=\/wp\/v2\/posts"}],"about":[{"href":"https:\/\/parafiakrzyzowa.pl\/index.php?rest_route=\/wp\/v2\/types\/post"}],"author":[{"embeddable":true,"href":"https:\/\/parafiakrzyzowa.pl\/index.php?rest_route=\/wp\/v2\/users\/3"}],"replies":[{"embeddable":true,"href":"https:\/\/parafiakrzyzowa.pl\/index.php?rest_route=%2Fwp%2Fv2%2Fcomments&post=4657"}],"version-history":[{"count":2,"href":"https:\/\/parafiakrzyzowa.pl\/index.php?rest_route=\/wp\/v2\/posts\/4657\/revisions"}],"predecessor-version":[{"id":4659,"href":"https:\/\/parafiakrzyzowa.pl\/index.php?rest_route=\/wp\/v2\/posts\/4657\/revisions\/4659"}],"wp:attachment":[{"href":"https:\/\/parafiakrzyzowa.pl\/index.php?rest_route=%2Fwp%2Fv2%2Fmedia&parent=4657"}],"wp:term":[{"taxonomy":"category","embeddable":true,"href":"https:\/\/parafiakrzyzowa.pl\/index.php?rest_route=%2Fwp%2Fv2%2Fcategories&post=4657"},{"taxonomy":"post_tag","embeddable":true,"href":"https:\/\/parafiakrzyzowa.pl\/index.php?rest_route=%2Fwp%2Fv2%2Ftags&post=4657"}],"curies":[{"name":"wp","href":"https:\/\/api.w.org\/{rel}","templated":true}]}}