{"id":466,"date":"2016-04-30T07:19:06","date_gmt":"2016-04-30T07:19:06","guid":{"rendered":"http:\/\/mscieszka.nazwa.pl\/parafiakrzyzowa\/?p=466"},"modified":"2016-04-30T07:19:19","modified_gmt":"2016-04-30T07:19:19","slug":"466","status":"publish","type":"post","link":"https:\/\/parafiakrzyzowa.pl\/?p=466","title":{"rendered":""},"content":{"rendered":"<p><strong><u>INTENCJE\u00a0 MSZY \u00a0\u015aWI\u0118TYCH<\/u><\/strong><\/p>\n<p><strong><u>NIEDZIELA 1.V. 2016r.<\/u><\/strong><\/p>\n<p>Godz. 8:00 &#8211;\u00a0\u00a0\u00a0\u00a0\u00a0 O zdrowie i b\u0142. Bo\u017ce dla cz\u0142onki\u0144 R\u00f3\u017cy b\u0142. Jerzego Popie\u0142uszki i rado\u015b\u0107\u00a0 wieczn\u0105 dla zmar\u0142ych cz\u0142onki\u0144.<\/p>\n<p>Godz. 11\u00a0\u00a0 \u00a0&#8211; \u00a0\u00a0\u00a0\u00a0\u00a0\u00a0O \u015bwiat\u0142o Ducha \u015awi\u0119tego i pomy\u015blne zdanie matury dla Agnieszki<\/p>\n<p>Godz. 18\u00a0 \u00a0\u00a0&#8211; \u00a0\u00a0\u00a0\u00a0\u00a0\u00a0\u00a0O zdrowie i b\u0142. Bo\u017ce dla Dominika Mrowca w 10r. urodzin<\/p>\n<p><strong><u>PONIEDZIA\u0141EK\u00a0 2. V. 2016r.<\/u><\/strong><\/p>\n<p>Godz. 18\u00a0\u00a0\u00a0 &#8211; \u00a0\u00a0\u00a0+ Edmund Bobrowski<\/p>\n<p><strong><u>WTOREK 3. V. 2016r.- UROCZYSTO\u015a\u0106 NMARYI PANNY KR\u00d3LOWEJ POLSKI<\/u><\/strong><\/p>\n<p>Godz.8:00 &#8211;\u00a0\u00a0\u00a0\u00a0\u00a0\u00a0\u00a0 O b\u0142. Bo\u017ce i opiek\u0119 \u015bw. Floriana dla stra\u017cak\u00f3w naszej Parafii<\/p>\n<p>Godz.11\u00a0\u00a0\u00a0 &#8211;\u00a0\u00a0\u00a0\u00a0\u00a0\u00a0\u00a0\u00a0 O b\u0142. Bo\u017ce i opiek\u0119 Matki Bo\u017cej dla dzieci w 1 rocznic\u0119 Komunii \u015bw.<\/p>\n<p>Godz. 18\u00a0 \u00a0&#8211;\u00a0\u00a0\u00a0\u00a0\u00a0\u00a0 W intencji Parafian<\/p>\n<p><strong><u>\u015aRODA 4.V. 2016r.<\/u><\/strong><\/p>\n<p><strong>\u00a0<\/strong>Godz. 18\u00a0\u00a0 &#8211;\u00a0\u00a0\u00a0\u00a0\u00a0 + Lucyna Kaleta<\/p>\n<p><strong><u>CZWARTEK 5.V. 2016r.<\/u><\/strong><\/p>\n<p>Godz. 18\u00a0\u00a0 \u00a0&#8211; \u00a0\u00a0\u00a0\u00a0\u00a0\u00a0\u00a0\u00a0W pewnej intencji<\/p>\n<p><strong><u>\u00a0PI\u0104TEK 6 .V. 2016r.<\/u><\/strong><\/p>\n<p>Godz.18\u00a0\u00a0\u00a0 &#8211;\u00a0 \u00a0\u00a0\u00a0\u00a0+\u00a0\u00a0 Tadeusz Kaprak<\/p>\n<p><strong><u>\u00a0SOBOTA 7. V. 2016r.<\/u><\/strong><\/p>\n<p>Godz.18\u00a0 \u00a0\u00a0\u00a0&#8211;\u00a0 \u00a0++ Jan Galas w 26r. \u015bmierci \u00a0i Marek Galas \u00a0w 2r. \u015bmierci<\/p>\n<p><strong><u>NIEDZIELA 8. V 2016r.<\/u><\/strong><\/p>\n<p>Godz.8:00 &#8211; \u00a0\u00a0\u00a0\u00a0\u00a0+ Pawe\u0142 Michalec w 11r. \u015bmierci<\/p>\n<p>Godz.11 \u00a0\u00a0\u00a0&#8211; \u00a0\u00a0\u00a0++ Marianna i Stanis\u0142aw Tatarzy\u0144scy<\/p>\n<p>Godz.18\u00a0 \u00a0\u00a0&#8211;\u00a0\u00a0\u00a0 \u00a0\u00a0\u00a0\u00a0\u00a0\u00a0W intencji Parafian<\/p>\n<p>&nbsp;<\/p>\n<p>&nbsp;<\/p>\n","protected":false},"excerpt":{"rendered":"<p>INTENCJE\u00a0 MSZY \u00a0\u015aWI\u0118TYCH NIEDZIELA 1.V. 2016r. Godz. 8:00 &#8211;\u00a0\u00a0\u00a0\u00a0\u00a0 O zdrowie i b\u0142. Bo\u017ce dla cz\u0142onki\u0144 R\u00f3\u017cy b\u0142. Jerzego Popie\u0142uszki i rado\u015b\u0107\u00a0 wieczn\u0105 dla zmar\u0142ych cz\u0142onki\u0144. Godz. 11\u00a0\u00a0 \u00a0&#8211; \u00a0\u00a0\u00a0\u00a0\u00a0\u00a0O \u015bwiat\u0142o Ducha \u015awi\u0119tego i pomy\u015blne zdanie matury dla Agnieszki Godz. 18\u00a0 \u00a0\u00a0&#8211; \u00a0\u00a0\u00a0\u00a0\u00a0\u00a0\u00a0O zdrowie i b\u0142. Bo\u017ce dla Dominika Mrowca w 10r. urodzin PONIEDZIA\u0141EK\u00a0 2. [&hellip;]<\/p>\n","protected":false},"author":3,"featured_media":0,"comment_status":"closed","ping_status":"open","sticky":false,"template":"","format":"standard","meta":{"ngg_post_thumbnail":0,"footnotes":""},"categories":[7],"tags":[],"class_list":["post-466","post","type-post","status-publish","format-standard","hentry","category-intencje"],"aioseo_notices":[],"_links":{"self":[{"href":"https:\/\/parafiakrzyzowa.pl\/index.php?rest_route=\/wp\/v2\/posts\/466","targetHints":{"allow":["GET"]}}],"collection":[{"href":"https:\/\/parafiakrzyzowa.pl\/index.php?rest_route=\/wp\/v2\/posts"}],"about":[{"href":"https:\/\/parafiakrzyzowa.pl\/index.php?rest_route=\/wp\/v2\/types\/post"}],"author":[{"embeddable":true,"href":"https:\/\/parafiakrzyzowa.pl\/index.php?rest_route=\/wp\/v2\/users\/3"}],"replies":[{"embeddable":true,"href":"https:\/\/parafiakrzyzowa.pl\/index.php?rest_route=%2Fwp%2Fv2%2Fcomments&post=466"}],"version-history":[{"count":1,"href":"https:\/\/parafiakrzyzowa.pl\/index.php?rest_route=\/wp\/v2\/posts\/466\/revisions"}],"predecessor-version":[{"id":467,"href":"https:\/\/parafiakrzyzowa.pl\/index.php?rest_route=\/wp\/v2\/posts\/466\/revisions\/467"}],"wp:attachment":[{"href":"https:\/\/parafiakrzyzowa.pl\/index.php?rest_route=%2Fwp%2Fv2%2Fmedia&parent=466"}],"wp:term":[{"taxonomy":"category","embeddable":true,"href":"https:\/\/parafiakrzyzowa.pl\/index.php?rest_route=%2Fwp%2Fv2%2Fcategories&post=466"},{"taxonomy":"post_tag","embeddable":true,"href":"https:\/\/parafiakrzyzowa.pl\/index.php?rest_route=%2Fwp%2Fv2%2Ftags&post=466"}],"curies":[{"name":"wp","href":"https:\/\/api.w.org\/{rel}","templated":true}]}}