{"id":4667,"date":"2026-02-14T12:12:09","date_gmt":"2026-02-14T12:12:09","guid":{"rendered":"https:\/\/parafiakrzyzowa.pl\/?p=4667"},"modified":"2026-02-14T12:12:30","modified_gmt":"2026-02-14T12:12:30","slug":"4667","status":"publish","type":"post","link":"https:\/\/parafiakrzyzowa.pl\/?p=4667","title":{"rendered":""},"content":{"rendered":"<p>.\u00a0\u00a0\u00a0\u00a0\u00a0\u00a0\u00a0\u00a0\u00a0\u00a0\u00a0\u00a0\u00a0\u00a0\u00a0\u00a0\u00a0\u00a0\u00a0\u00a0\u00a0\u00a0\u00a0\u00a0\u00a0\u00a0\u00a0\u00a0\u00a0\u00a0\u00a0\u00a0\u00a0\u00a0\u00a0\u00a0\u00a0\u00a0\u00a0\u00a0\u00a0\u00a0\u00a0\u00a0\u00a0\u00a0\u00a0\u00a0\u00a0\u00a0\u00a0\u00a0\u00a0\u00a0\u00a0\u00a0\u00a0\u00a0\u00a0\u00a0\u00a0\u00a0\u00a0\u00a0\u00a0\u00a0\u00a0\u00a0\u00a0\u00a0\u00a0\u00a0\u00a0\u00a0\u00a0\u00a0\u00a0\u00a0\u00a0\u00a0\u00a0\u00a0\u00a0\u00a0\u00a0\u00a0\u00a0\u00a0\u00a0\u00a0\u00a0\u00a0\u00a0\u00a0\u00a0\u00a0\u00a0\u00a0\u00a0\u00a0\u00a0\u00a0\u00a0\u00a0\u00a0\u00a0\u00a0\u00a0\u00a0\u00a0\u00a0\u00a0\u00a0\u00a0 <strong>Krzy\u017cowa 15 .II. 2026r<\/strong><strong>.<\/strong><\/p>\n<p><strong>\u00a0\u00a0\u00a0\u00a0\u00a0\u00a0\u00a0\u00a0\u00a0\u00a0\u00a0\u00a0\u00a0\u00a0\u00a0\u00a0\u00a0\u00a0 <\/strong><\/p>\n<p><strong>\u00a0\u00a0\u00a0\u00a0\u00a0\u00a0\u00a0\u00a0\u00a0\u00a0\u00a0\u00a0\u00a0 \u00a0\u00a0\u00a0\u00a0\u00a0\u00a0\u00a0\u00a0\u00a0\u00a0\u00a0\u00a0\u00a0\u00a0<\/strong><strong>\u00a0\u00a0<u>VI NIEDZIELA ZWYK\u0141A<\/u><\/strong><\/p>\n<p>Dzieci i m\u0142odzie\u017c szkolna rozpoczynaj\u0105 jutro ferie zimowe. Wszystkim uczniom i nauczycielom \u017cycz\u0119 mi\u0142ego wypoczynku.<\/p>\n<p>Prze\u017cywamy dzisiaj w naszej parafii 40 godzinne nabo\u017ce\u0144stwo przed Wielkim Postem. Po mszy \u015bw. o godz. 10 b\u0119dzie wystawiony w ko\u015bciele\u00a0 Pan Jezus\u00a0\u00a0\u00a0\u00a0\u00a0\u00a0\u00a0\u00a0 \u00a0w Naj\u015bwi\u0119tszym Sakramencie do mszy \u015bw. wieczornej do godz. 18.\u00a0 Adoracja odbywa si\u0119 w ciszy a ja serdecznie zapraszam ca\u0142\u0105 parafi\u0119 na adoracj\u0119. Przedstawiajmy Panu Jezusowi nasze pro\u015bby i czy\u0144my postanowienia wielkopostne Odwiedzajmy Pana Jezusa\u00a0\u00a0 w korzystnym czasie ca\u0142ymi rodzinami. Szczeg\u00f3lnie zapraszam dzieci i m\u0142odzie\u017c .<\/p>\n<p>W \u015brod\u0119 przypada Popielec i w ten spos\u00f3b rozpoczyna si\u0119 Wielki Post. Msze \u015bw. w \u015brod\u0119 popielcow\u0105 b\u0119d\u0105 o godz. 8:00 i 17 wieczorem. Na mszach \u015bwi\u0119tych obrz\u0119d posypania g\u0142\u00f3w popio\u0142em a znak pokuty i nawr\u00f3cenia. Serdecznie zapraszam ca\u0142\u0105 parafi\u0119.\u00a0 Przypominam , \u017ce w Popielec obowi\u0105zuje post \u015bcis\u0142y.<\/p>\n<p>Zapraszam w czasie Wielkiego Postu\u00a0 na nabo\u017ce\u0144stwa pokutne , ju\u017c w pi\u0105tek na Drog\u0119 Krzy\u017cow\u0105 o godz. 16:30 a w niedziele na Gorzkie \u017bale z kazaniem pasyjnym.\u00a0 Kazania pasyjne b\u0119dzie g\u0142osi\u0142 w tym roku ks. Piotr. W niedziel\u0119 po mszy \u015bw. o godz. 8:00 b\u0119dzie r\u00f3wnie\u017c Droga Krzy\u017cowa .<\/p>\n<p>Prosz\u0119 bardzo w okresie Wielkiego Postu o zachowanie trze\u017awo\u015bci.<\/p>\n<p>Przypominam, \u017ce w tym roku zamiast rekolekcji wielkopostnych b\u0119d\u0105 misje parafialne ale poza okresem Wielkiego Postu.\u00a0 Ostatnie misje by\u0142y w naszej parafii 10 lat temu.<\/p>\n<p>Ci\u0105gle przygotowujemy si\u0119 do wizytacji ks. Biskupa kt\u00f3ra b\u0119dzie 1 marca.<\/p>\n<p>Przez ca\u0142y Wielki Post b\u0119dzie mo\u017cna sk\u0142ada\u0107 do skarbonki ofiary na kwiatu do Grobu Pana Jezusa.<\/p>\n<p>Zach\u0119cam do nabywania prasy katolickiej.<\/p>\n<p>Dzi\u0119kuj\u0119 za sprz\u0105tanie ko\u015bcio\u0142a w ubieg\u0142ym \u00a0tygodniu. Nast\u0119pne sprz\u0105tanie b\u0119dzie w pi\u0105tek po wieczornej mszy \u015bw. Sprz\u0105taj\u0105 Panie: Maria Z\u0105bek Stanis\u0142awa Mrowiec Dorota Pastor Marzena Wylecia\u0142.<\/p>\n<p>Kalendarz liturgiczny<\/p>\n<p>\u015aroda \u2013 Popielec<\/p>\n<p>Pi\u0105tek- Bo\u017ce Mi\u0142osierdzie.<\/p>\n","protected":false},"excerpt":{"rendered":"<p>.\u00a0\u00a0\u00a0\u00a0\u00a0\u00a0\u00a0\u00a0\u00a0\u00a0\u00a0\u00a0\u00a0\u00a0\u00a0\u00a0\u00a0\u00a0\u00a0\u00a0\u00a0\u00a0\u00a0\u00a0\u00a0\u00a0\u00a0\u00a0\u00a0\u00a0\u00a0\u00a0\u00a0\u00a0\u00a0\u00a0\u00a0\u00a0\u00a0\u00a0\u00a0\u00a0\u00a0\u00a0\u00a0\u00a0\u00a0\u00a0\u00a0\u00a0\u00a0\u00a0\u00a0\u00a0\u00a0\u00a0\u00a0\u00a0\u00a0\u00a0\u00a0\u00a0\u00a0\u00a0\u00a0\u00a0\u00a0\u00a0\u00a0\u00a0\u00a0\u00a0\u00a0\u00a0\u00a0\u00a0\u00a0\u00a0\u00a0\u00a0\u00a0\u00a0\u00a0\u00a0\u00a0\u00a0\u00a0\u00a0\u00a0\u00a0\u00a0\u00a0\u00a0\u00a0\u00a0\u00a0\u00a0\u00a0\u00a0\u00a0\u00a0\u00a0\u00a0\u00a0\u00a0\u00a0\u00a0\u00a0\u00a0\u00a0\u00a0\u00a0\u00a0\u00a0 Krzy\u017cowa 15 .II. 2026r. \u00a0\u00a0\u00a0\u00a0\u00a0\u00a0\u00a0\u00a0\u00a0\u00a0\u00a0\u00a0\u00a0\u00a0\u00a0\u00a0\u00a0\u00a0 \u00a0\u00a0\u00a0\u00a0\u00a0\u00a0\u00a0\u00a0\u00a0\u00a0\u00a0\u00a0\u00a0 \u00a0\u00a0\u00a0\u00a0\u00a0\u00a0\u00a0\u00a0\u00a0\u00a0\u00a0\u00a0\u00a0\u00a0\u00a0\u00a0VI NIEDZIELA ZWYK\u0141A Dzieci i m\u0142odzie\u017c szkolna rozpoczynaj\u0105 jutro ferie zimowe. Wszystkim uczniom i nauczycielom \u017cycz\u0119 mi\u0142ego wypoczynku. Prze\u017cywamy dzisiaj w naszej parafii 40 godzinne nabo\u017ce\u0144stwo przed Wielkim Postem. Po mszy \u015bw. o godz. 10 b\u0119dzie wystawiony w ko\u015bciele\u00a0 Pan Jezus\u00a0\u00a0\u00a0\u00a0\u00a0\u00a0\u00a0\u00a0 \u00a0w Naj\u015bwi\u0119tszym Sakramencie do mszy \u015bw. wieczornej [&hellip;]<\/p>\n","protected":false},"author":3,"featured_media":0,"comment_status":"closed","ping_status":"closed","sticky":false,"template":"","format":"standard","meta":{"ngg_post_thumbnail":0,"footnotes":""},"categories":[3],"tags":[],"class_list":["post-4667","post","type-post","status-publish","format-standard","hentry","category-ogloszenia"],"aioseo_notices":[],"_links":{"self":[{"href":"https:\/\/parafiakrzyzowa.pl\/index.php?rest_route=\/wp\/v2\/posts\/4667","targetHints":{"allow":["GET"]}}],"collection":[{"href":"https:\/\/parafiakrzyzowa.pl\/index.php?rest_route=\/wp\/v2\/posts"}],"about":[{"href":"https:\/\/parafiakrzyzowa.pl\/index.php?rest_route=\/wp\/v2\/types\/post"}],"author":[{"embeddable":true,"href":"https:\/\/parafiakrzyzowa.pl\/index.php?rest_route=\/wp\/v2\/users\/3"}],"replies":[{"embeddable":true,"href":"https:\/\/parafiakrzyzowa.pl\/index.php?rest_route=%2Fwp%2Fv2%2Fcomments&post=4667"}],"version-history":[{"count":2,"href":"https:\/\/parafiakrzyzowa.pl\/index.php?rest_route=\/wp\/v2\/posts\/4667\/revisions"}],"predecessor-version":[{"id":4669,"href":"https:\/\/parafiakrzyzowa.pl\/index.php?rest_route=\/wp\/v2\/posts\/4667\/revisions\/4669"}],"wp:attachment":[{"href":"https:\/\/parafiakrzyzowa.pl\/index.php?rest_route=%2Fwp%2Fv2%2Fmedia&parent=4667"}],"wp:term":[{"taxonomy":"category","embeddable":true,"href":"https:\/\/parafiakrzyzowa.pl\/index.php?rest_route=%2Fwp%2Fv2%2Fcategories&post=4667"},{"taxonomy":"post_tag","embeddable":true,"href":"https:\/\/parafiakrzyzowa.pl\/index.php?rest_route=%2Fwp%2Fv2%2Ftags&post=4667"}],"curies":[{"name":"wp","href":"https:\/\/api.w.org\/{rel}","templated":true}]}}