{"id":4672,"date":"2026-02-14T12:14:05","date_gmt":"2026-02-14T12:14:05","guid":{"rendered":"https:\/\/parafiakrzyzowa.pl\/?p=4672"},"modified":"2026-02-14T18:34:34","modified_gmt":"2026-02-14T18:34:34","slug":"4672","status":"publish","type":"post","link":"https:\/\/parafiakrzyzowa.pl\/?p=4672","title":{"rendered":""},"content":{"rendered":"<p><strong><u>INTENCJE MSZY \u015aWI\u0118TYCH<\/u><\/strong><\/p>\n<p><strong><u>NIEDZIELA 15. II. 2026r.<\/u><\/strong><\/p>\n<p>Godz. 8.00 &#8211; \u00a0\u00a0\u00a0\u00a0\u00a0\u00a0+\u00a0 Maria Cudzich w 2r. \u015bmierci<\/p>\n<p>Godz.10\u00a0\u00a0\u00a0 \u00a0&#8211; \u00a0\u00a0\u00a0\u00a0++ Magdalena Walig\u00f3ra m\u0105\u017c Stanis\u0142aw syn Tadeusz<\/p>\n<p>Godz. 18\u00a0\u00a0\u00a0 &#8211; \u00a0\u00a0\u00a0\u00a0++ W\u0142adys\u0142aw Pastor \u017cona Weronika syn Tadeusz<\/p>\n<p><strong><u>PONIEDZIA\u0141EK\u00a0 16.II. 2026r.<\/u><\/strong><\/p>\n<p>Godz. 17 \u00a0\u00a0\u00a0&#8211;\u00a0\u00a0\u00a0\u00a0 \u00a0\u00a0\u00a0+ Ryszard Pi\u00f3recki<\/p>\n<p><strong><u>\u00a0WTOREK 17.II 2026r.<\/u><\/strong><\/p>\n<p>Godz. 7:00 &#8211;\u00a0\u00a0\u00a0\u00a0\u00a0\u00a0\u00a0\u00a0\u00a0\u00a0\u00a0 W intencji Parafii<\/p>\n<p><strong><u>\u00a0\u015aRODA\u00a0 18.II. 2026r.- Popielec<\/u><\/strong><\/p>\n<p><span style=\"font-size: revert; color: initial;\">Godz. 8 :00 &#8211; w intencji naszej Parafii na pocz\u0105tek Wielkiego Postu<\/span><\/p>\n<p><span style=\"color: initial; font-size: revert;\">Godz. 17:00 &#8211;\u00a0 \u00a0\u00a0++ Maria i Franciszek Michalec<\/span><\/p>\n<p><strong><u>CZWARTEK\u00a0 19.II. 2026r. <\/u><\/strong><\/p>\n<p>Godz. 7:00\u00a0 \u00a0&#8211; \u00a0\u00a0\u00a0\u00a0+ J\u00f3zefa Cima\u0142a<\/p>\n<p><strong><u>PI\u0104TEK\u00a0 20.II. 2026 r. <\/u><\/strong><\/p>\n<p>Godz. 17 \u00a0\u00a0\u00a0\u00a0&#8211;\u00a0\u00a0\u00a0\u00a0\u00a0\u00a0\u00a0\u00a0\u00a0 Do Bo\u017cego Mi\u0142osierdzia<\/p>\n<p><strong><u>SOBOTA 21.II. 2026r.<\/u><\/strong><\/p>\n<p>Godz. 17\u00a0\u00a0\u00a0 &#8211; \u00a0\u00a0\u00a0\u00a0\u00a0++ Mara Walig\u00f3ra w 1r. \u015bmierci m\u0105\u017c J\u00f3zef<\/p>\n<p><strong><u>NIEDZIELA 22.II. 2026r.<\/u><\/strong><\/p>\n<p>Godz.8:00 \u00a0&#8211; \u00a0++ Jan i Wiktoria G\u00f3ra<\/p>\n<p>Godz.10:00 &#8211; \u00a0\u00a0\u00a0\u00a0\u00a0\u00a0O zdrowie i b\u0142. Bo\u017ce dla Klaudii Wawak w 18r. urodzin<\/p>\n<p>Godz. 18 \u00a0\u00a0\u00a0&#8211; \u00a0\u00a0\u00a0\u00a0+ Kazimierz Bia\u0142o\u0144<\/p>\n","protected":false},"excerpt":{"rendered":"<p>INTENCJE MSZY \u015aWI\u0118TYCH NIEDZIELA 15. II. 2026r. Godz. 8.00 &#8211; \u00a0\u00a0\u00a0\u00a0\u00a0\u00a0+\u00a0 Maria Cudzich w 2r. \u015bmierci Godz.10\u00a0\u00a0\u00a0 \u00a0&#8211; \u00a0\u00a0\u00a0\u00a0++ Magdalena Walig\u00f3ra m\u0105\u017c Stanis\u0142aw syn Tadeusz Godz. 18\u00a0\u00a0\u00a0 &#8211; \u00a0\u00a0\u00a0\u00a0++ W\u0142adys\u0142aw Pastor \u017cona Weronika syn Tadeusz PONIEDZIA\u0141EK\u00a0 16.II. 2026r. Godz. 17 \u00a0\u00a0\u00a0&#8211;\u00a0\u00a0\u00a0\u00a0 \u00a0\u00a0\u00a0+ Ryszard Pi\u00f3recki \u00a0WTOREK 17.II 2026r. Godz. 7:00 &#8211;\u00a0\u00a0\u00a0\u00a0\u00a0\u00a0\u00a0\u00a0\u00a0\u00a0\u00a0 W intencji Parafii \u00a0\u015aRODA\u00a0 18.II. [&hellip;]<\/p>\n","protected":false},"author":3,"featured_media":0,"comment_status":"closed","ping_status":"closed","sticky":false,"template":"","format":"standard","meta":{"ngg_post_thumbnail":0,"footnotes":""},"categories":[7],"tags":[],"class_list":["post-4672","post","type-post","status-publish","format-standard","hentry","category-intencje"],"aioseo_notices":[],"_links":{"self":[{"href":"https:\/\/parafiakrzyzowa.pl\/index.php?rest_route=\/wp\/v2\/posts\/4672","targetHints":{"allow":["GET"]}}],"collection":[{"href":"https:\/\/parafiakrzyzowa.pl\/index.php?rest_route=\/wp\/v2\/posts"}],"about":[{"href":"https:\/\/parafiakrzyzowa.pl\/index.php?rest_route=\/wp\/v2\/types\/post"}],"author":[{"embeddable":true,"href":"https:\/\/parafiakrzyzowa.pl\/index.php?rest_route=\/wp\/v2\/users\/3"}],"replies":[{"embeddable":true,"href":"https:\/\/parafiakrzyzowa.pl\/index.php?rest_route=%2Fwp%2Fv2%2Fcomments&post=4672"}],"version-history":[{"count":3,"href":"https:\/\/parafiakrzyzowa.pl\/index.php?rest_route=\/wp\/v2\/posts\/4672\/revisions"}],"predecessor-version":[{"id":4676,"href":"https:\/\/parafiakrzyzowa.pl\/index.php?rest_route=\/wp\/v2\/posts\/4672\/revisions\/4676"}],"wp:attachment":[{"href":"https:\/\/parafiakrzyzowa.pl\/index.php?rest_route=%2Fwp%2Fv2%2Fmedia&parent=4672"}],"wp:term":[{"taxonomy":"category","embeddable":true,"href":"https:\/\/parafiakrzyzowa.pl\/index.php?rest_route=%2Fwp%2Fv2%2Fcategories&post=4672"},{"taxonomy":"post_tag","embeddable":true,"href":"https:\/\/parafiakrzyzowa.pl\/index.php?rest_route=%2Fwp%2Fv2%2Ftags&post=4672"}],"curies":[{"name":"wp","href":"https:\/\/api.w.org\/{rel}","templated":true}]}}