{"id":468,"date":"2016-04-30T07:27:08","date_gmt":"2016-04-30T07:27:08","guid":{"rendered":"http:\/\/mscieszka.nazwa.pl\/parafiakrzyzowa\/?p=468"},"modified":"2016-04-30T07:27:28","modified_gmt":"2016-04-30T07:27:28","slug":"468","status":"publish","type":"post","link":"https:\/\/parafiakrzyzowa.pl\/?p=468","title":{"rendered":""},"content":{"rendered":"<p>Krzy\u017cowa dn. 1.V. 2016 r.<\/p>\n<p>&nbsp;<\/p>\n<p><strong><u>VI NIEDZIELA\u00a0 WIELKANOCNA<\/u><\/strong><\/p>\n<p>&nbsp;<\/p>\n<p>Dzi\u015b przypada I niedziela miesi\u0105ca. Tradycyjnie po ka\u017cdej mszy \u015bwi\u0119tej adoracja Pana Jezusa w Naj\u015bwi\u0119tszym Sakramencie. Po porannej mszy \u015bwi\u0119tej zmianka r\u00f3\u017ca\u0144cowa dla R\u00f3\u017c, a po mszy \u015bwi\u0119tej o 11 dla R\u00f3\u017cy m\u0142odzie\u017cowej.<\/p>\n<p>&nbsp;<\/p>\n<p>Dzi\u015b rozpoczyna si\u0119 maj \u2013 miesi\u0105c po\u015bwi\u0119cony Matce Naj\u015bwi\u0119tszej . Bardzo serdecznie zapraszam ca\u0142\u0105 parafi\u0119\u00a0 zw\u0142aszcza dzieci i m\u0142odzie\u017c\u00a0 r\u00f3wnie\u017c maturzyst\u00f3w na codzienne nabo\u017ce\u0144stwa majowe , kt\u00f3re w dni powszednie b\u0119d\u0105 zawsze po wieczornej mszy \u015bw. \u00a0 \u00a0 \u00a0 \u00a0 \u00a0 \u00a0 \u00a0 a w niedziele i \u015bwi\u0119ta przed wieczorn\u0105 msz\u0105 \u015bw.\u00a0 Dzi\u015b pierwsze nabo\u017ce\u0144stwo o godz. 17:30.<\/p>\n<p>Przez ca\u0142y miesi\u0105c maj msze \u015bwi\u0119te w dni powszednie b\u0119d\u0105 o godz. 18:00.<\/p>\n<p>We wtorek przypada uroczysto\u015b\u0107 Maryi Panny Kr\u00f3lowej Polski. jest to \u015bwi\u0119to religijne i narodowe . W tym dniu przypada 225r uchwalenia Konstytucji 3 maja 1791r.<\/p>\n<p>Msze \u015bw. b\u0119d\u0105 w porz\u0105dku niedzielny.<\/p>\n<p>Na msz\u0119 \u015bw. o godz. 8:00 zapraszam naszych stra\u017cak\u00f3w \u00a0 \u00a0 \u00a0 \u00a0 \u00a0 \u00a0 \u00a0 \u00a0 \u00a0 \u00a0 \u00a0 z rodzinami Krzy\u017c\u00f3wek i Krzy\u017cowej<\/p>\n<p>W ich intencji b\u0119dziemy si\u0119 modli\u0107 do \u015bw. Floriana patrona stra\u017cak\u00f3w , kt\u00f3rego \u015bwi\u0119to przypada 4 maja. Zapraszam ca\u0142\u0105 parafi\u0119 \u00a0bo mamy za co dzi\u0119kowa\u0107 stra\u017cakom i o co prosi\u0107 dla nich.<\/p>\n<p>Na mszy \u015bw. o godz. 11 b\u0119dzie rocznica I Komunii dzieci z klasy III. B\u0119dziemy si\u0119 modli\u0107 w intencji tych dzieci i ich rodzin. Zapraszam serdecznie.<\/p>\n<p>W tym tygodniu przypada I czwartek i I pi\u0105tek miesi\u0105ca. Spowied\u017a \u015bw. w obydwa dno od 17 do 18. Bardzo prosz\u0119, aby dzieci przysz\u0142y do spowiedzi we czwartek.<\/p>\n<p>Wizyta u chorych i senior\u00f3w od godz. 9:00.<\/p>\n<p>Od \u015brody rozpoczynamy prac\u0119 przy ko\u015bciele. bardzo was serdecznie prosz\u0119 \u00a0o modlitw\u0119 i b\u0142. Bo\u017ce w tej pracy i \u017ceby nie by\u0142o \u017cadnego wypadku.<\/p>\n<p>Bez Pana Jezusa nic nie potrafimy o w\u0142asnych silach dobrego zrobi\u0107.<\/p>\n<p>Dzisiejsza sk\u0142adka jest przeznaczona na mniejsze prace przy ko\u015bciele. Robi\u0105 si\u0119 ju\u017c schody do ko\u015bcio\u0142a.<\/p>\n<p>W najbli\u017csz\u0105 niedziel\u0119 8 maja nasi lektorzy b\u0119d\u0105 zbiera\u0107 ofiary na Ukrain\u0119. Ta zbi\u00f3rka na pro\u015bb\u0119 Ojca \u015bw. Franciszka by\u0142a w ca\u0142ej Europie w ostatni\u0105 niedziel\u0119 , ale ja zapomnia\u0142em og\u0142osi\u0107.<\/p>\n<p>Od soboty 7 maja b\u0119dzie w ka\u017cd\u0105 sobot\u0119 o godz. 19 msza \u015bw. w kaplicy \u00a0w Krzy\u017c\u00f3wkach. Tak prosili parafianie wi\u0119c spe\u0142niam ich pro\u015bb\u0119.<\/p>\n<p>Zach\u0119cam do nabywania prasy katolickiej.<\/p>\n<p>B\u00f3g zap\u0142a\u0107 za sprz\u0105tanie ko\u015bcio\u0142a w tym tygodniu . Nast\u0119pne sprz\u0105tanie b\u0119dzie \u00a0w sobot\u0119 o godz. 9:00.<\/p>\n<p>Kalendarz liturgiczny<\/p>\n<p>Poniedzia\u0142ek \u2013 wsp. \u015bw. Atanazego biskupa i doktora Ko\u015bcio\u0142a<\/p>\n<p>Wtorek \u2013 Uroczysto\u015b\u0107 Kr\u00f3lowej Polski<\/p>\n<p>\u015aroda \u2013 ws. \u015bw. Floriana m\u0119czennika<\/p>\n<p>Pi\u0105tek \u2013 \u015bwi\u0119to \u015bw.. Aposto\u0142\u00f3w Filipa i Jakuba \/ rozpocz\u0119cie nowenny do Ducha \u015bw.\/<\/p>\n","protected":false},"excerpt":{"rendered":"<p>Krzy\u017cowa dn. 1.V. 2016 r. &nbsp; VI NIEDZIELA\u00a0 WIELKANOCNA &nbsp; Dzi\u015b przypada I niedziela miesi\u0105ca. Tradycyjnie po ka\u017cdej mszy \u015bwi\u0119tej adoracja Pana Jezusa w Naj\u015bwi\u0119tszym Sakramencie. Po porannej mszy \u015bwi\u0119tej zmianka r\u00f3\u017ca\u0144cowa dla R\u00f3\u017c, a po mszy \u015bwi\u0119tej o 11 dla R\u00f3\u017cy m\u0142odzie\u017cowej. &nbsp; Dzi\u015b rozpoczyna si\u0119 maj \u2013 miesi\u0105c po\u015bwi\u0119cony Matce Naj\u015bwi\u0119tszej . Bardzo [&hellip;]<\/p>\n","protected":false},"author":3,"featured_media":0,"comment_status":"closed","ping_status":"open","sticky":false,"template":"","format":"standard","meta":{"ngg_post_thumbnail":0,"footnotes":""},"categories":[3],"tags":[],"class_list":["post-468","post","type-post","status-publish","format-standard","hentry","category-ogloszenia"],"aioseo_notices":[],"_links":{"self":[{"href":"https:\/\/parafiakrzyzowa.pl\/index.php?rest_route=\/wp\/v2\/posts\/468","targetHints":{"allow":["GET"]}}],"collection":[{"href":"https:\/\/parafiakrzyzowa.pl\/index.php?rest_route=\/wp\/v2\/posts"}],"about":[{"href":"https:\/\/parafiakrzyzowa.pl\/index.php?rest_route=\/wp\/v2\/types\/post"}],"author":[{"embeddable":true,"href":"https:\/\/parafiakrzyzowa.pl\/index.php?rest_route=\/wp\/v2\/users\/3"}],"replies":[{"embeddable":true,"href":"https:\/\/parafiakrzyzowa.pl\/index.php?rest_route=%2Fwp%2Fv2%2Fcomments&post=468"}],"version-history":[{"count":1,"href":"https:\/\/parafiakrzyzowa.pl\/index.php?rest_route=\/wp\/v2\/posts\/468\/revisions"}],"predecessor-version":[{"id":469,"href":"https:\/\/parafiakrzyzowa.pl\/index.php?rest_route=\/wp\/v2\/posts\/468\/revisions\/469"}],"wp:attachment":[{"href":"https:\/\/parafiakrzyzowa.pl\/index.php?rest_route=%2Fwp%2Fv2%2Fmedia&parent=468"}],"wp:term":[{"taxonomy":"category","embeddable":true,"href":"https:\/\/parafiakrzyzowa.pl\/index.php?rest_route=%2Fwp%2Fv2%2Fcategories&post=468"},{"taxonomy":"post_tag","embeddable":true,"href":"https:\/\/parafiakrzyzowa.pl\/index.php?rest_route=%2Fwp%2Fv2%2Ftags&post=468"}],"curies":[{"name":"wp","href":"https:\/\/api.w.org\/{rel}","templated":true}]}}