{"id":4684,"date":"2026-02-21T09:40:45","date_gmt":"2026-02-21T09:40:45","guid":{"rendered":"https:\/\/parafiakrzyzowa.pl\/?p=4684"},"modified":"2026-02-21T09:41:05","modified_gmt":"2026-02-21T09:41:05","slug":"4684","status":"publish","type":"post","link":"https:\/\/parafiakrzyzowa.pl\/?p=4684","title":{"rendered":""},"content":{"rendered":"<p><strong><u>INTENCJE MSZY \u015aWI\u0118TYCH<\/u><\/strong><\/p>\n<p><strong><u>NIEDZIELA 22. II. 2026r.<\/u><\/strong><\/p>\n<p>Godz. 8.00 &#8211; \u00a0\u00a0\u00a0\u00a0++ Jan i Wiktoria G\u00f3ra<\/p>\n<p>Godz.10\u00a0\u00a0\u00a0 \u00a0&#8211; \u00a0\u00a0\u00a0\u00a0\u00a0\u00a0\u00a0\u00a0\u00a0\u00a0O zdrowie i b\u0142. Bo\u017ce dla Klaudii Wawak w 18r. urodzin<\/p>\n<p>Godz. 18\u00a0\u00a0\u00a0 &#8211; \u00a0\u00a0\u00a0\u00a0\u00a0\u00a0+ Kazimierz Bia\u0142o\u0144<\/p>\n<p><strong><u>PONIEDZIA\u0141EK\u00a0 23.II. 2026r.<\/u><\/strong><\/p>\n<p>Godz. 17 \u00a0\u00a0\u00a0&#8211;\u00a0\u00a0\u00a0\u00a0 \u00a0\u00a0\u00a0+ Jan P\u0142aza<\/p>\n<p><strong><u>\u00a0<\/u><\/strong><\/p>\n<p><strong><u>\u00a0WTOREK 24.II 2026r.<\/u><\/strong><\/p>\n<p>Godz. 7:00 &#8211;\u00a0\u00a0\u00a0\u00a0\u00a0\u00a0\u00a0\u00a0\u00a0\u00a0\u00a0 W intencji Parafii<\/p>\n<p><strong><u>\u00a0\u015aRODA\u00a0 25.II. 2026r.<\/u><\/strong><\/p>\n<p>Godz. 17:00 &#8211;\u00a0 \u00a0\u00a0\u00a0+ J\u00f3zefa Bednarek w 3r. \u015b\u015b\u015bmerci<\/p>\n<p><strong><u>\u00a0<\/u><\/strong><\/p>\n<p><strong><u>CZWARTEK\u00a0 26.II. 2026r. <\/u><\/strong><\/p>\n<p>Godz. 7:00\u00a0 \u00a0&#8211; \u00a0\u00a0\u00a0\u00a0\u00a0\u00a0\u00a0W pewnej intencji<\/p>\n<p><strong><u>\u00a0<\/u><\/strong><\/p>\n<p><strong><u>PI\u0104TEK\u00a0 27.II. 2026 r. <\/u><\/strong><\/p>\n<p>Godz. 17 \u00a0\u00a0\u00a0\u00a0&#8211;\u00a0\u00a0 ++ Anna i Jan Kami\u0144scy<\/p>\n<p><strong><u>\u00a0<\/u><\/strong><\/p>\n<p><strong><u>SOBOTA 28.II. 2026r.<\/u><\/strong><\/p>\n<p>Godz. 17\u00a0\u00a0\u00a0 &#8211; \u00a0\u00a0\u00a0\u00a0\u00a0+ Maria Sordyl w 1r. \u015bmierci<\/p>\n<p><strong><u>NIEDZIELA 1.III. 2026r.<\/u><\/strong><\/p>\n<p>Godz.8:00 \u00a0&#8211; \u00a0++ Anna J\u0119drzejas w 7r. \u015bmierci m\u0105\u017c J\u00f3zef syn Tadeusz<\/p>\n<p>Godz.10:00 &#8211; \u00a0\u00a0\u00a0\u00a0\u00a0\u00a0Za parafian\u00a0 \u00a0Ks. Biskup<\/p>\n<p>&#8211;\u00a0 ++ Anna J\u0119drzejas w 11r. \u015bmierci m\u0105\u017c Stanis\u0142aw<\/p>\n<p>Godz. 18 \u00a0\u00a0\u00a0&#8211; \u00a0++ Tadeusz Walig\u00f3ra rodzice i bracia Jan i Stanis\u0142aw<\/p>\n","protected":false},"excerpt":{"rendered":"<p>INTENCJE MSZY \u015aWI\u0118TYCH NIEDZIELA 22. II. 2026r. Godz. 8.00 &#8211; \u00a0\u00a0\u00a0\u00a0++ Jan i Wiktoria G\u00f3ra Godz.10\u00a0\u00a0\u00a0 \u00a0&#8211; \u00a0\u00a0\u00a0\u00a0\u00a0\u00a0\u00a0\u00a0\u00a0\u00a0O zdrowie i b\u0142. Bo\u017ce dla Klaudii Wawak w 18r. urodzin Godz. 18\u00a0\u00a0\u00a0 &#8211; \u00a0\u00a0\u00a0\u00a0\u00a0\u00a0+ Kazimierz Bia\u0142o\u0144 PONIEDZIA\u0141EK\u00a0 23.II. 2026r. Godz. 17 \u00a0\u00a0\u00a0&#8211;\u00a0\u00a0\u00a0\u00a0 \u00a0\u00a0\u00a0+ Jan P\u0142aza \u00a0 \u00a0WTOREK 24.II 2026r. Godz. 7:00 &#8211;\u00a0\u00a0\u00a0\u00a0\u00a0\u00a0\u00a0\u00a0\u00a0\u00a0\u00a0 W intencji Parafii \u00a0\u015aRODA\u00a0 25.II. [&hellip;]<\/p>\n","protected":false},"author":3,"featured_media":0,"comment_status":"closed","ping_status":"closed","sticky":false,"template":"","format":"standard","meta":{"ngg_post_thumbnail":0,"footnotes":""},"categories":[7],"tags":[],"class_list":["post-4684","post","type-post","status-publish","format-standard","hentry","category-intencje"],"aioseo_notices":[],"_links":{"self":[{"href":"https:\/\/parafiakrzyzowa.pl\/index.php?rest_route=\/wp\/v2\/posts\/4684","targetHints":{"allow":["GET"]}}],"collection":[{"href":"https:\/\/parafiakrzyzowa.pl\/index.php?rest_route=\/wp\/v2\/posts"}],"about":[{"href":"https:\/\/parafiakrzyzowa.pl\/index.php?rest_route=\/wp\/v2\/types\/post"}],"author":[{"embeddable":true,"href":"https:\/\/parafiakrzyzowa.pl\/index.php?rest_route=\/wp\/v2\/users\/3"}],"replies":[{"embeddable":true,"href":"https:\/\/parafiakrzyzowa.pl\/index.php?rest_route=%2Fwp%2Fv2%2Fcomments&post=4684"}],"version-history":[{"count":2,"href":"https:\/\/parafiakrzyzowa.pl\/index.php?rest_route=\/wp\/v2\/posts\/4684\/revisions"}],"predecessor-version":[{"id":4686,"href":"https:\/\/parafiakrzyzowa.pl\/index.php?rest_route=\/wp\/v2\/posts\/4684\/revisions\/4686"}],"wp:attachment":[{"href":"https:\/\/parafiakrzyzowa.pl\/index.php?rest_route=%2Fwp%2Fv2%2Fmedia&parent=4684"}],"wp:term":[{"taxonomy":"category","embeddable":true,"href":"https:\/\/parafiakrzyzowa.pl\/index.php?rest_route=%2Fwp%2Fv2%2Fcategories&post=4684"},{"taxonomy":"post_tag","embeddable":true,"href":"https:\/\/parafiakrzyzowa.pl\/index.php?rest_route=%2Fwp%2Fv2%2Ftags&post=4684"}],"curies":[{"name":"wp","href":"https:\/\/api.w.org\/{rel}","templated":true}]}}