{"id":471,"date":"2016-05-06T19:16:57","date_gmt":"2016-05-06T19:16:57","guid":{"rendered":"http:\/\/mscieszka.nazwa.pl\/parafiakrzyzowa\/?p=471"},"modified":"2016-05-06T19:17:15","modified_gmt":"2016-05-06T19:17:15","slug":"471","status":"publish","type":"post","link":"https:\/\/parafiakrzyzowa.pl\/?p=471","title":{"rendered":""},"content":{"rendered":"<p>&nbsp;<\/p>\n<p><strong><u>INTENCJE\u00a0 MSZY \u00a0\u015aWI\u0118TYCH<\/u><\/strong><\/p>\n<p><strong><u>NIEDZIELA 8.V. 2016r.<\/u><\/strong><\/p>\n<p>Godz. 8:00 &#8211;\u00a0\u00a0 + Jan Michalec w 11r. \u015bmierci<\/p>\n<p>Godz. 11\u00a0\u00a0 \u00a0&#8211; ++ Marianna i Stanis\u0142aw Tatarzy\u0144scy<\/p>\n<p>Godz. 18\u00a0 \u00a0\u00a0&#8211; \u00a0\u00a0\u00a0\u00a0\u00a0\u00a0\u00a0W intencji parafian<\/p>\n<p><strong><u>PONIEDZIA\u0141EK\u00a0 9. V. 2016r.<\/u><\/strong><\/p>\n<p>Godz. 18\u00a0\u00a0\u00a0 &#8211; \u00a0\u00a0+ Tadeusz Kaprak<\/p>\n<p><strong><u>WTOREK 10. V. 2016r.<\/u><\/strong><\/p>\n<p>Godz. 18\u00a0 \u00a0&#8211;\u00a0\u00a0\u00a0 + J\u00f3zef Dr\u0105g<\/p>\n<p><strong><u>\u015aRODA 11.V. 2016r.<\/u><\/strong><\/p>\n<p><strong>\u00a0<\/strong>Godz. 18\u00a0\u00a0 &#8211;\u00a0\u00a0\u00a0 + Genowefa S\u0142apa<\/p>\n<p><strong><u>CZWARTEK 12.V. 2016r.<\/u><\/strong><\/p>\n<p>Godz. 18\u00a0\u00a0 \u00a0&#8211; \u00a0\u00a0+ Franciszek Michalec<\/p>\n<p><strong><u>\u00a0PI\u0104TEK 13.V. 2016r.<\/u><\/strong><\/p>\n<p>Godz.18\u00a0\u00a0\u00a0 &#8211;\u00a0 \u00a0\u00a0\u00a0+ Jan Walig\u00f3ra<\/p>\n<p><strong><u>SOBOTA 14. V. 2016r.<\/u><\/strong><\/p>\n<p>Godz.18\u00a0 \u00a0\u00a0\u00a0&#8211;\u00a0 \u00a0\u00a0+ Tadeusz Walig\u00f3ra<\/p>\n<p><strong><u>NIEDZIELA 15. V 2016r<\/u><\/strong><\/p>\n<p>Godz.8:00 &#8211; \u00a0\u00a0\u00a0\u00a0\u00a0\u00a0\u00a0\u00a0O zdrowie i b\u0142. Bo\u017ce dla cz\u0142onki\u0144 R\u00f3\u017cy \u015bw. Jana Paw\u0142a II i wieczny pok\u00f3j\u00a0\u00a0dla zmar\u0142ych<\/p>\n<p>Godz.11 \u00a0\u00a0\u00a0&#8211; \u00a0\u00a0\u00a0\u00a0\u00a0+ Szymon Uchanke<\/p>\n<p>Godz.18\u00a0\u00a0\u00a0 &#8211; \u00a0\u00a0\u00a0\u00a0\u00a0+ Anna J\u0119drzejas w 11r. \u015bmierci<\/p>\n<p>&nbsp;<\/p>\n","protected":false},"excerpt":{"rendered":"<p>&nbsp; INTENCJE\u00a0 MSZY \u00a0\u015aWI\u0118TYCH NIEDZIELA 8.V. 2016r. Godz. 8:00 &#8211;\u00a0\u00a0 + Jan Michalec w 11r. \u015bmierci Godz. 11\u00a0\u00a0 \u00a0&#8211; ++ Marianna i Stanis\u0142aw Tatarzy\u0144scy Godz. 18\u00a0 \u00a0\u00a0&#8211; \u00a0\u00a0\u00a0\u00a0\u00a0\u00a0\u00a0W intencji parafian PONIEDZIA\u0141EK\u00a0 9. V. 2016r. Godz. 18\u00a0\u00a0\u00a0 &#8211; \u00a0\u00a0+ Tadeusz Kaprak WTOREK 10. V. 2016r. Godz. 18\u00a0 \u00a0&#8211;\u00a0\u00a0\u00a0 + J\u00f3zef Dr\u0105g \u015aRODA 11.V. 2016r. \u00a0Godz. 18\u00a0\u00a0 [&hellip;]<\/p>\n","protected":false},"author":3,"featured_media":0,"comment_status":"closed","ping_status":"open","sticky":false,"template":"","format":"standard","meta":{"ngg_post_thumbnail":0,"footnotes":""},"categories":[7],"tags":[],"class_list":["post-471","post","type-post","status-publish","format-standard","hentry","category-intencje"],"aioseo_notices":[],"_links":{"self":[{"href":"https:\/\/parafiakrzyzowa.pl\/index.php?rest_route=\/wp\/v2\/posts\/471","targetHints":{"allow":["GET"]}}],"collection":[{"href":"https:\/\/parafiakrzyzowa.pl\/index.php?rest_route=\/wp\/v2\/posts"}],"about":[{"href":"https:\/\/parafiakrzyzowa.pl\/index.php?rest_route=\/wp\/v2\/types\/post"}],"author":[{"embeddable":true,"href":"https:\/\/parafiakrzyzowa.pl\/index.php?rest_route=\/wp\/v2\/users\/3"}],"replies":[{"embeddable":true,"href":"https:\/\/parafiakrzyzowa.pl\/index.php?rest_route=%2Fwp%2Fv2%2Fcomments&post=471"}],"version-history":[{"count":1,"href":"https:\/\/parafiakrzyzowa.pl\/index.php?rest_route=\/wp\/v2\/posts\/471\/revisions"}],"predecessor-version":[{"id":472,"href":"https:\/\/parafiakrzyzowa.pl\/index.php?rest_route=\/wp\/v2\/posts\/471\/revisions\/472"}],"wp:attachment":[{"href":"https:\/\/parafiakrzyzowa.pl\/index.php?rest_route=%2Fwp%2Fv2%2Fmedia&parent=471"}],"wp:term":[{"taxonomy":"category","embeddable":true,"href":"https:\/\/parafiakrzyzowa.pl\/index.php?rest_route=%2Fwp%2Fv2%2Fcategories&post=471"},{"taxonomy":"post_tag","embeddable":true,"href":"https:\/\/parafiakrzyzowa.pl\/index.php?rest_route=%2Fwp%2Fv2%2Ftags&post=471"}],"curies":[{"name":"wp","href":"https:\/\/api.w.org\/{rel}","templated":true}]}}