{"id":473,"date":"2016-05-06T19:21:22","date_gmt":"2016-05-06T19:21:22","guid":{"rendered":"http:\/\/mscieszka.nazwa.pl\/parafiakrzyzowa\/?p=473"},"modified":"2016-05-06T19:21:33","modified_gmt":"2016-05-06T19:21:33","slug":"473","status":"publish","type":"post","link":"https:\/\/parafiakrzyzowa.pl\/?p=473","title":{"rendered":""},"content":{"rendered":"<p><b>\u00a0 \u00a0 \u00a0 \u00a0 \u00a0 \u00a0 \u00a0 \u00a0 \u00a0 \u00a0 \u00a0 \u00a0 \u00a0 \u00a0 \u00a0 \u00a0 \u00a0 \u00a0 \u00a0 \u00a0 \u00a0 \u00a0 \u00a0 \u00a0 \u00a0 \u00a0 \u00a0 \u00a0 \u00a0 \u00a0 \u00a0 \u00a0<\/b>Krzy\u017cowa dn. 8.V. 2016 r.<\/p>\n<p>&nbsp;<\/p>\n<p><strong>\u00a0<u>\u00a0WIEBOWST\u0104PIENIE PA\u0143SKIE<\/u><\/strong><\/p>\n<p>Zapraszam jeszcze dzi\u015b bardzo serdecznie na nabo\u017ce\u0144stwo majowe o godz. 17:30.<\/p>\n<p>Tak samo bardzo serdecznie zapraszam na codzienn\u0105 msz\u0119 \u015bw. i po Mszy \u015bwi\u0119tej na maj\u00f3wk\u0119 . Niech nasza \u015bwi\u0105tynia b\u0119dzie codziennie wype\u0142niona dzie\u0107mi m\u0142odzie\u017c\u0105 i starszymi .<\/p>\n<p>W najbli\u017csz\u0105 sobot\u0119 o godz. 10:00 w ko\u015bciele parafialnym w Jele\u015bni b\u0119dzie msza \u015bw. i uroczyste b\u0142ogos\u0142awie\u0144stwo nowych lektor\u00f3w z naszego dekanatu. Z naszej parafii b\u0119dzie wy\u015bwi\u0119conych czworo lektor\u00f3w Sylwia Pirlak, Patryk Hulb\u00f3j\u00a0 oraz Wojtek i Karol Krzy\u017cowscy. Zapraszam na t\u0119 uroczysto\u015b\u0107 rodziny oraz koleg\u00f3w \u00a0 \u00a0 \u00a0 \u00a0 \u00a0i kole\u017canki\u00a0 naszych nowych lektorek i lektor\u00f3w.<\/p>\n<p>Dzi\u015b po ka\u017cdej mszy \u015bwi\u0119tej nasi lektorzy zbieraj\u0105 przed ko\u015bcio\u0142em ofiary na Ukrain\u0119. B\u00f3g zap\u0142a\u0107 za ka\u017cd\u0105 ofiar\u0119.<\/p>\n<p>Za tydzie\u0144 Rada Duszpasterska b\u0119dzie zbiera\u0142a ofiary na prace przy ko\u015bciele. Bardzo prosz\u0119 o wielk\u0105 modlitw\u0119 o \u0142adn\u0105 pogod\u0119 \u017ceby prace posuwa\u0142y si\u0119 do przodu. Teren jest bardzo podmok\u0142y i na deszczu nic nie mo\u017cna praktycznie robi\u0107. Niestety wiele pracy b\u0119dzie przy odwodnieniu ca\u0142ego placu przy ko\u015bciele.<\/p>\n<p>Zach\u0119cam do nabywania prasy katolickiej.<\/p>\n<p>B\u00f3g zap\u0142a\u0107 za sprz\u0105tanie ko\u015bcio\u0142a w tym tygodniu. Nast\u0119pne sprz\u0105tanie b\u0119dzie \u00a0w sobot\u0119 o godz. 9:00.<\/p>\n<p>Prosz\u0119 o nieustann\u0105 modlitw\u0119 w intencji rodzin kt\u00f3re przyjmuj\u0105 Obraz Pana Jezusa Mi\u0142osiernego . B\u0105d\u017amy Aposto\u0142ami mi\u0142osierdzia \u00a0 \u00a0 i nie stawiajmy przeszk\u00f3d Bo\u017cemu Mi\u0142osierdziu<\/p>\n<p>Kalendarz liturgiczny<\/p>\n<p>Poniedzia\u0142ek \u2013 uroczysto\u015b\u0107 \u015bw. Stanis\u0142awa biskupa i m\u0119czennika patrona Polski<\/p>\n<p>Sobota \u2013 \u015bwi\u0119to \u015bw. Macieja aposto\u0142a<\/p>\n<p>&nbsp;<\/p>\n<p>&nbsp;<\/p>\n<p>&nbsp;<\/p>\n<p>&nbsp;<\/p>\n","protected":false},"excerpt":{"rendered":"<p>\u00a0 \u00a0 \u00a0 \u00a0 \u00a0 \u00a0 \u00a0 \u00a0 \u00a0 \u00a0 \u00a0 \u00a0 \u00a0 \u00a0 \u00a0 \u00a0 \u00a0 \u00a0 \u00a0 \u00a0 \u00a0 \u00a0 \u00a0 \u00a0 \u00a0 \u00a0 \u00a0 \u00a0 \u00a0 \u00a0 \u00a0 \u00a0Krzy\u017cowa dn. 8.V. 2016 r. &nbsp; \u00a0\u00a0WIEBOWST\u0104PIENIE PA\u0143SKIE Zapraszam jeszcze dzi\u015b bardzo serdecznie na nabo\u017ce\u0144stwo majowe o godz. 17:30. Tak samo bardzo serdecznie zapraszam [&hellip;]<\/p>\n","protected":false},"author":3,"featured_media":0,"comment_status":"closed","ping_status":"open","sticky":false,"template":"","format":"standard","meta":{"ngg_post_thumbnail":0,"footnotes":""},"categories":[3],"tags":[],"class_list":["post-473","post","type-post","status-publish","format-standard","hentry","category-ogloszenia"],"aioseo_notices":[],"_links":{"self":[{"href":"https:\/\/parafiakrzyzowa.pl\/index.php?rest_route=\/wp\/v2\/posts\/473","targetHints":{"allow":["GET"]}}],"collection":[{"href":"https:\/\/parafiakrzyzowa.pl\/index.php?rest_route=\/wp\/v2\/posts"}],"about":[{"href":"https:\/\/parafiakrzyzowa.pl\/index.php?rest_route=\/wp\/v2\/types\/post"}],"author":[{"embeddable":true,"href":"https:\/\/parafiakrzyzowa.pl\/index.php?rest_route=\/wp\/v2\/users\/3"}],"replies":[{"embeddable":true,"href":"https:\/\/parafiakrzyzowa.pl\/index.php?rest_route=%2Fwp%2Fv2%2Fcomments&post=473"}],"version-history":[{"count":1,"href":"https:\/\/parafiakrzyzowa.pl\/index.php?rest_route=\/wp\/v2\/posts\/473\/revisions"}],"predecessor-version":[{"id":474,"href":"https:\/\/parafiakrzyzowa.pl\/index.php?rest_route=\/wp\/v2\/posts\/473\/revisions\/474"}],"wp:attachment":[{"href":"https:\/\/parafiakrzyzowa.pl\/index.php?rest_route=%2Fwp%2Fv2%2Fmedia&parent=473"}],"wp:term":[{"taxonomy":"category","embeddable":true,"href":"https:\/\/parafiakrzyzowa.pl\/index.php?rest_route=%2Fwp%2Fv2%2Fcategories&post=473"},{"taxonomy":"post_tag","embeddable":true,"href":"https:\/\/parafiakrzyzowa.pl\/index.php?rest_route=%2Fwp%2Fv2%2Ftags&post=473"}],"curies":[{"name":"wp","href":"https:\/\/api.w.org\/{rel}","templated":true}]}}