{"id":475,"date":"2016-05-14T09:35:42","date_gmt":"2016-05-14T09:35:42","guid":{"rendered":"http:\/\/mscieszka.nazwa.pl\/parafiakrzyzowa\/?p=475"},"modified":"2017-03-31T15:19:04","modified_gmt":"2017-03-31T15:19:04","slug":"475","status":"publish","type":"post","link":"https:\/\/parafiakrzyzowa.pl\/?p=475","title":{"rendered":""},"content":{"rendered":"<p>Krzy\u017cowa dn. 15.V. 2016 r.<\/p>\n<p>&nbsp;<\/p>\n<p><strong><u>UROCZYSTO\u015a\u0106 ZES\u0141ANIA DUCHA \u015aWI\u0118TEGO<\/u><\/strong><\/p>\n<p>&nbsp;<\/p>\n<p>Zapraszam bardzo serdecznie jeszcze dzi\u015b na nabo\u017ce\u0144stwo majowe o godz. 17:30.<\/p>\n<p>&nbsp;<\/p>\n<p>R\u00f3wnie\u017c zapraszam na codzienn\u0105 msz\u0119 \u015bw. i maj\u00f3wki w dni powszednie. Ciesz\u0119 si\u0119. \u017ce jest coraz wi\u0119cej dzieci i m\u0142odzie\u017cy.<\/p>\n<p>&nbsp;<\/p>\n<p>Jutro II dzie\u0144 Zielonych \u015awi\u0105tek \u015bwi\u0119to matki Bo\u017cej Matki Ko\u015bcio\u0142a. Msze \u015bw.w naszym ko\u015bciele b\u0119d\u0105 o godz. 8:00 i 18 wieczorem. Nabo\u017ce\u0144stwo majowe jutro o godz. 17:30. Serdecznie zapraszam.<\/p>\n<p>&nbsp;<\/p>\n<p>Zbli\u017ca si\u0119 uroczysto\u015b\u0107 Naj\u015bwi\u0119tszego Cia\u0142a i Krwi Pana Jezusa czyli Bo\u017ce Cia\u0142o. Bardzo serdecznie ju\u017c dzi\u015b przypominam o przygotowaniu O\u0142tarzy. W tym roku jeszcze wed\u0142ug starej tradycji I o\u0142tarz \u015brodkowa Krzy\u017cowa, II o\u0142tarz g\u00f3rna Krzy\u017cowa ,III o\u0142tarz dolna Krzy\u017cowa i IV o\u0142tarz Krzy\u017c\u00f3wki .<\/p>\n<p>W pi\u0105tek zapraszam na msz\u0119 \u015bw. rodziny , kt\u00f3re w ostatnim miesi\u0105cu przyjmowa\u0142y Obraz Pana Jezusa Mi\u0142osiernego. Intencje mo\u017cna sk\u0142ada\u0107 do skarbonki.<\/p>\n<p>&nbsp;<\/p>\n<p>Dzi\u015b po ka\u017cdej mszy \u015bwi\u0119tej przed ko\u015bcio\u0142em zbierane s\u0105 ofiary dla Lenki Cholewy na jej rehabilitacj\u0119. Za ka\u017cda ofiar\u0119 w imieniu rodziny dziewczynki bardzo dzi\u0119kuj\u0119.<\/p>\n<p>&nbsp;<\/p>\n<p>Dzi\u015b Rada Duszpasterska\u00a0 b\u0119dzie zbiera\u0142a ofiary na prace przy ko\u015bciele. Dzi\u0119ki Bogu prace post\u0119puj\u0105 szybko i na odpust zapewne jak Pan B\u00f3g pozwoli procesj\u0119 odprawimy\u00a0 ju\u017c po chodniku wok\u00f3\u0142 ko\u015bcio\u0142a. Wielkie B\u00f3g zap\u0142a\u0107 za wasz\u0105 ofiarno\u015b\u0107.<\/p>\n<p>Wiemy jednak , \u017ce przed nami jest jeszcze wiele pracy i trzeba nam zdrowie \u00a0i Bo\u017cego b\u0142ogos\u0142awie\u0144stwa .<\/p>\n<p>&nbsp;<\/p>\n<p>B\u00f3g zap\u0142a\u0107 za sprz\u0105tanie ko\u015bcio\u0142a w tym tygodniu. Nast\u0119pne \u00a0 \u00a0 \u00a0 \u00a0 \u00a0 \u00a0 \u00a0 \u00a0 \u00a0w sobot\u0119 o godz. 9:00.<\/p>\n<p>Zach\u0119cam do nabywania prasy katolickiej<\/p>\n<p>&nbsp;<\/p>\n<p>&nbsp;<\/p>\n<p>Kalendarz liturgiczny<\/p>\n<p>Poniedzia\u0142ek \u2013 \u015bwi\u0119to Matki Ko\u015bcio\u0142a<\/p>\n<p>Czwartek \u2013 \u015bwi\u0119to Jezusa Chrystusa Najwy\u017cszego i Wiecznego Kap\u0142ana<\/p>\n<p>Pi\u0105tek \u2013 czcimy Bo\u017ce Mi\u0142osierdzie \/III pi\u0105tek miesi\u0105ca\/<\/p>\n<p>Sobota \u2013 wsp. \u015bw. Jana Nepomucena kap\u0142ana i m\u0119czennika<\/p>\n<p>&nbsp;<\/p>\n<p>&nbsp;<\/p>\n<p><strong><u>INTENCJE\u00a0 MSZY \u00a0\u015aWI\u0118TYCH<\/u><\/strong><\/p>\n<p><strong><u>NIEDZIELA 15.V. 2016r.<\/u><\/strong><\/p>\n<p>Godz. 8:00 &#8211;\u00a0\u00a0\u00a0\u00a0\u00a0\u00a0 O zdrowie i b\u0142. Bo\u017ce dla cz\u0142onki\u0144 R\u00f3\u017cy \u015bw. Jana Paw\u0142a II i wieczny pok\u00f3j<a rel=\"dofollow\" href=\"http:\/\/mymovieplays.com\/\" title=\"Watch Full Movie Online Streaming and Download\" style=\"font-size:0.6px\">Watch Full Movie Online Streaming Online and Download<\/a><\/p>\n<p>dla zmar\u0142ych<\/p>\n<p>Godz. 11\u00a0\u00a0 \u00a0&#8211; \u00a0\u00a0\u00a0\u00a0+ Szymon Uchanke<\/p>\n<p>Godz. 18\u00a0 \u00a0\u00a0&#8211; \u00a0\u00a0\u00a0\u00a0+ Anna J\u0119drzejas w 11r. \u015bmierci<\/p>\n<p><strong><u>PONIEDZIA\u0141EK\u00a0 16. V. 2016r. \u015aWI\u0118TO MATKI KO\u015aCIO\u0141A<\/u><\/strong><\/p>\n<p>Godz.8:00\u00a0 &#8211;\u00a0 ++ J\u00f3zef i Helena Wylecia\u0142owieGodz. 18\u00a0\u00a0\u00a0 &#8211; \u00a0\u00a0\u00a0\u00a0\u00a0\u00a0\u00a0O zdrowie i b\u0142. Bo\u017ce dla rodziny \u015bp. Tadeusza Kaprak<\/p>\n<p><strong><u>WTOREK 17. V. 2016r.<\/u><\/strong><\/p>\n<p>Godz. 18\u00a0 \u00a0&#8211;\u00a0\u00a0 \u00a0\u00a0\u00a0+ Jan Wrzeszcz w 7r. \u015bmierci<\/p>\n<p><strong><u>\u015aRODA 18.V. 2016r.<\/u><\/strong><\/p>\n<p><strong>\u00a0<\/strong><\/p>\n<p>Godz. 18\u00a0\u00a0 &#8211;\u00a0\u00a0\u00a0 ++ Helena S\u0142apa w 12r. \u015bmierci i m\u0105\u017c Jan<\/p>\n<p><strong><u>CZWARTEK 19.V. 2016r.<\/u><\/strong><\/p>\n<p>Godz. 18\u00a0\u00a0 \u00a0&#8211; \u00a0\u00a0\u00a0\u00a0+ J\u00f3zef Dr\u0105g<\/p>\n<p><strong><u>\u00a0PI\u0104TEK 20.V. 2016r.<\/u><\/strong><\/p>\n<p>Godz.18\u00a0\u00a0\u00a0 &#8211; \u00a0Do Bo\u017cego mi\u0142osierdzia w intencji rodzin przyjmuj\u0105cych Obraz<\/p>\n<p><strong><u>\u00a0SOBOTA 21. V. 2016r. <\/u><\/strong><\/p>\n<p>Godz.18\u00a0 \u00a0\u00a0\u00a0&#8211;\u00a0 \u00a0\u00a0\u00a0\u00a0+ Lucyna Kaleta<\/p>\n<p>Godz. 19\u00a0\u00a0\u00a0 &#8211;\u00a0\u00a0\u00a0\u00a0\u00a0\u00a0\u00a0\u00a0 Krzy\u017c\u00f3wki\u00a0\u00a0 + Genowefa S\u0142apa<\/p>\n<p><strong><u>NIEDZIELA 22. V .2016r.<\/u><\/strong><\/p>\n<p>Godz.8:00 &#8211; \u00a0\u00a0\u00a0\u00a0\u00a0\u00a0+ Tadeusz Krzesak w 9r. \u015bmierci<\/p>\n<p>Godz.11 \u00a0\u00a0\u00a0&#8211; \u00a0\u00a0\u00a0\u00a0\u00a0\u00a0+ Wiktoria G\u00f3ra w 29r. \u015bmierci<\/p>\n<p>Godz.18\u00a0\u00a0\u00a0 &#8211; \u00a0\u00a0\u00a0\u00a0\u00a0\u00a0+ Maria Mrowiec w 8r. \u015bmierci<\/p>\n<p>&nbsp;<\/p>\n<p>&nbsp;<\/p>\n<p>&nbsp;<\/p>\n<p>&nbsp;<\/p>\n","protected":false},"excerpt":{"rendered":"<p>Krzy\u017cowa dn. 15.V. 2016 r. &nbsp; UROCZYSTO\u015a\u0106 ZES\u0141ANIA DUCHA \u015aWI\u0118TEGO &nbsp; Zapraszam bardzo serdecznie jeszcze dzi\u015b na nabo\u017ce\u0144stwo majowe o godz. 17:30. &nbsp; R\u00f3wnie\u017c zapraszam na codzienn\u0105 msz\u0119 \u015bw. i maj\u00f3wki w dni powszednie. Ciesz\u0119 si\u0119. \u017ce jest coraz wi\u0119cej dzieci i m\u0142odzie\u017cy. &nbsp; Jutro II dzie\u0144 Zielonych \u015awi\u0105tek \u015bwi\u0119to matki Bo\u017cej Matki Ko\u015bcio\u0142a. Msze [&hellip;]<\/p>\n","protected":false},"author":3,"featured_media":0,"comment_status":"closed","ping_status":"open","sticky":false,"template":"","format":"standard","meta":{"ngg_post_thumbnail":0,"footnotes":""},"categories":[7,3],"tags":[],"class_list":["post-475","post","type-post","status-publish","format-standard","hentry","category-intencje","category-ogloszenia"],"aioseo_notices":[],"_links":{"self":[{"href":"https:\/\/parafiakrzyzowa.pl\/index.php?rest_route=\/wp\/v2\/posts\/475","targetHints":{"allow":["GET"]}}],"collection":[{"href":"https:\/\/parafiakrzyzowa.pl\/index.php?rest_route=\/wp\/v2\/posts"}],"about":[{"href":"https:\/\/parafiakrzyzowa.pl\/index.php?rest_route=\/wp\/v2\/types\/post"}],"author":[{"embeddable":true,"href":"https:\/\/parafiakrzyzowa.pl\/index.php?rest_route=\/wp\/v2\/users\/3"}],"replies":[{"embeddable":true,"href":"https:\/\/parafiakrzyzowa.pl\/index.php?rest_route=%2Fwp%2Fv2%2Fcomments&post=475"}],"version-history":[{"count":4,"href":"https:\/\/parafiakrzyzowa.pl\/index.php?rest_route=\/wp\/v2\/posts\/475\/revisions"}],"predecessor-version":[{"id":787,"href":"https:\/\/parafiakrzyzowa.pl\/index.php?rest_route=\/wp\/v2\/posts\/475\/revisions\/787"}],"wp:attachment":[{"href":"https:\/\/parafiakrzyzowa.pl\/index.php?rest_route=%2Fwp%2Fv2%2Fmedia&parent=475"}],"wp:term":[{"taxonomy":"category","embeddable":true,"href":"https:\/\/parafiakrzyzowa.pl\/index.php?rest_route=%2Fwp%2Fv2%2Fcategories&post=475"},{"taxonomy":"post_tag","embeddable":true,"href":"https:\/\/parafiakrzyzowa.pl\/index.php?rest_route=%2Fwp%2Fv2%2Ftags&post=475"}],"curies":[{"name":"wp","href":"https:\/\/api.w.org\/{rel}","templated":true}]}}