{"id":612,"date":"2016-09-10T07:42:41","date_gmt":"2016-09-10T07:42:41","guid":{"rendered":"http:\/\/mscieszka.nazwa.pl\/parafiakrzyzowa\/?p=612"},"modified":"2016-09-10T07:43:02","modified_gmt":"2016-09-10T07:43:02","slug":"612","status":"publish","type":"post","link":"https:\/\/parafiakrzyzowa.pl\/?p=612","title":{"rendered":""},"content":{"rendered":"<p>&nbsp;<\/p>\n<p>Krzy\u017cowa dn. 11.IX. 2016 r.<\/p>\n<p>&nbsp;<\/p>\n<p>&nbsp;<\/p>\n<p><strong>\u00a0<u>XXIV \u00a0NIEDZIELA ZWYK\u0142A<\/u><\/strong><\/p>\n<p>Tak jak s\u0142yszeli\u015bmy z Listu naszych biskup\u00f3w dzi\u015b rozpoczyna si\u0119 sz\u00f3sty ju\u017c Tydzie\u0144 Wychowania.<\/p>\n<p>W \u015brod\u0119 pi\u0105tek i sobot\u0119 przypadaj\u0105 Kwartalne Dni Modlitwy za dzieci m\u0142odzie\u017c \u00a0i wychowawc\u00f3w .<\/p>\n<p>W pi\u0105tek oddajemy cze\u015b\u0107 Mi\u0142osierdziu Bo\u017cemu . Zapraszam\u00a0 bardzo serdecznie na msz\u0119 \u015bw. i koronk\u0119 do Bo\u017cego Mi\u0142osierdzia wszystkie rodziny naszej parafii kt\u00f3re w ostatnim miesi\u0105cu przyjmowa\u0142y Obraz Pana Jezusa Mi\u0142osiernego. Intencje mo\u017cna sk\u0142ada\u0107 do skarbonki przed Obrazem.<\/p>\n<p>Po mszy \u015bwi\u0119tej w pi\u0105tek spotkanie z rodzicami dzieci z klasy III komunijnej. Om\u00f3wimy sobie przygotowanie dzieci w rodzinach do I komunii \u015bw. B\u0119d\u0119 wdzi\u0119czny gdy na spotkaniu b\u0119d\u0105 r\u00f3wnie\u017c ojcowie dzieci , a nie tylko mamy.<\/p>\n<p>Zapraszam na codzienn\u0105 msz\u0119 \u015bw. do naszej \u015bwi\u0105tyni. Zapraszam szczeg\u00f3lnie \u00a0 w \u015brody na Nowenn\u0119 do Matki Bo\u017cej Nieustaj\u0105cej Pomocy.<\/p>\n<p>Trwaj\u0105 prace przy dachu na plebanii. bardzo serdecznie dzi\u0119kuj\u0119 P. Dariuszowi Dendysowi za \u0142aty na dach.<\/p>\n<p>Og\u0142asza\u0142em , \u017ce Rada Duszpasterska dzisiaj b\u0119dzie chodzi\u0142a zbiera\u0107 ofiary na prace przy plebanii, ale odwo\u0142uje dzisiejsz\u0105 sk\u0142adk\u0119 poniewa\u017c dzisiaj na bunkrach jest rekonstrukcja wojskowa o 14\u00a0 \u00a0 \u00a0 \u00a0 \u00a0 i prawdopodobnie wi\u0119kszo\u015b\u0107 parafian tam b\u0119dzie.<\/p>\n<p>Dlatego Rada Duszpasterska b\u0119dzie zbiera\u0142a ofiary za tydzie\u0144 w niedziel\u0119 18 wrze\u015bnia.<\/p>\n<p>Bardzo dzi\u0119kuj\u0119 za ostatni\u0105 niedzieln\u0105 sk\u0142adk\u0119 na mszach \u015bwi\u0119tych na opa\u0142 na zim\u0119. Wszystkie sk\u0142adki we wrze\u015bniu b\u0119d\u0105 przeznaczone na zakup w\u0119gla i drzewa.\u00a0B\u00f3g zap\u0142a\u0107.<\/p>\n<p>Zach\u0119cam do nabywania prasy katolickiej.<\/p>\n<p>B\u00f3g zapla\u0107 za sprz\u0105tanie ko\u015bcio\u0142a w tym tygodniu. Nast\u0119pne sprz\u0105tanie b\u0119dzie\u00a0\u00a0\u00a0\u00a0\u00a0\u00a0\u00a0\u00a0\u00a0\u00a0\u00a0 w sobot\u0119 o godz. 9:00. Sprz\u0105taj\u0105\u00a0 Gra\u017cyna Duc\u00a0 Gra\u017cyna Duraj Ma\u0142gorzata Dendys i Anna Kaszlej.<\/p>\n<p>&nbsp;<\/p>\n<p>Kalendarz liturgiczny<\/p>\n<p>Wtorek \u2013 wsp. \u015bw. Jana Chryzostoma biskupa i Doktora ko\u015bcio\u0142a<\/p>\n<p>\u015aroda \u2013 \u015bwi\u0119to Podwy\u017cszenia Krzy\u017ca \u015awi\u0119tego<\/p>\n<p>Czwartek \u2013 wsp. Naj\u015bwi\u0119tszej Maryi Panny Bolesnej<\/p>\n<p>Pi\u0105tek \u2013 wsp. \u015bw. m\u0119czennik\u00f3w Korneliusza papie\u017ca i Cypriana biskupa<\/p>\n<p>&nbsp;<\/p>\n<p>W ostatnim tygodniu odszed\u0142 do Pana z naszej rodziny Parafialnej po wieczn\u0105 nagrod\u0119 \u015bp Bronis\u0142aw Pastor\u00a0\u00a0 wieczny odpoczynek racz mu da\u0107 Panie.<\/p>\n<p>Niestety nikt si\u0119 nie zg\u0142osi\u0142 \u017ceby podj\u0105\u0107 s\u0142u\u017cb\u0119 ko\u015bcielnego .<\/p>\n<p>Og\u0142oszenia i intencje mo\u017cna przeczyta\u0107 r\u00f3wnie\u017c na stronie internetowej naszej parafii.<\/p>\n<p>&nbsp;<\/p>\n<p>&nbsp;<\/p>\n","protected":false},"excerpt":{"rendered":"<p>&nbsp; Krzy\u017cowa dn. 11.IX. 2016 r. &nbsp; &nbsp; \u00a0XXIV \u00a0NIEDZIELA ZWYK\u0142A Tak jak s\u0142yszeli\u015bmy z Listu naszych biskup\u00f3w dzi\u015b rozpoczyna si\u0119 sz\u00f3sty ju\u017c Tydzie\u0144 Wychowania. W \u015brod\u0119 pi\u0105tek i sobot\u0119 przypadaj\u0105 Kwartalne Dni Modlitwy za dzieci m\u0142odzie\u017c \u00a0i wychowawc\u00f3w . W pi\u0105tek oddajemy cze\u015b\u0107 Mi\u0142osierdziu Bo\u017cemu . Zapraszam\u00a0 bardzo serdecznie na msz\u0119 \u015bw. i koronk\u0119 [&hellip;]<\/p>\n","protected":false},"author":3,"featured_media":0,"comment_status":"closed","ping_status":"open","sticky":false,"template":"","format":"standard","meta":{"ngg_post_thumbnail":0,"footnotes":""},"categories":[3],"tags":[],"class_list":["post-612","post","type-post","status-publish","format-standard","hentry","category-ogloszenia"],"aioseo_notices":[],"_links":{"self":[{"href":"https:\/\/parafiakrzyzowa.pl\/index.php?rest_route=\/wp\/v2\/posts\/612","targetHints":{"allow":["GET"]}}],"collection":[{"href":"https:\/\/parafiakrzyzowa.pl\/index.php?rest_route=\/wp\/v2\/posts"}],"about":[{"href":"https:\/\/parafiakrzyzowa.pl\/index.php?rest_route=\/wp\/v2\/types\/post"}],"author":[{"embeddable":true,"href":"https:\/\/parafiakrzyzowa.pl\/index.php?rest_route=\/wp\/v2\/users\/3"}],"replies":[{"embeddable":true,"href":"https:\/\/parafiakrzyzowa.pl\/index.php?rest_route=%2Fwp%2Fv2%2Fcomments&post=612"}],"version-history":[{"count":1,"href":"https:\/\/parafiakrzyzowa.pl\/index.php?rest_route=\/wp\/v2\/posts\/612\/revisions"}],"predecessor-version":[{"id":614,"href":"https:\/\/parafiakrzyzowa.pl\/index.php?rest_route=\/wp\/v2\/posts\/612\/revisions\/614"}],"wp:attachment":[{"href":"https:\/\/parafiakrzyzowa.pl\/index.php?rest_route=%2Fwp%2Fv2%2Fmedia&parent=612"}],"wp:term":[{"taxonomy":"category","embeddable":true,"href":"https:\/\/parafiakrzyzowa.pl\/index.php?rest_route=%2Fwp%2Fv2%2Fcategories&post=612"},{"taxonomy":"post_tag","embeddable":true,"href":"https:\/\/parafiakrzyzowa.pl\/index.php?rest_route=%2Fwp%2Fv2%2Ftags&post=612"}],"curies":[{"name":"wp","href":"https:\/\/api.w.org\/{rel}","templated":true}]}}