{"id":615,"date":"2016-09-10T13:16:07","date_gmt":"2016-09-10T13:16:07","guid":{"rendered":"http:\/\/mscieszka.nazwa.pl\/parafiakrzyzowa\/?p=615"},"modified":"2016-09-10T13:16:33","modified_gmt":"2016-09-10T13:16:33","slug":"615","status":"publish","type":"post","link":"https:\/\/parafiakrzyzowa.pl\/?p=615","title":{"rendered":""},"content":{"rendered":"<p>&nbsp;<\/p>\n<p><strong><u>NIEDZIELA 11.IX. 2016r.<\/u><\/strong><\/p>\n<p>Godz. 8:00 &#8211;\u00a0\u00a0\u00a0\u00a0 + Krzysztof Michalec w 6r. \u015bmierci<\/p>\n<p>Godz. 11:00-\u00a0\u00a0\u00a0\u00a0\u00a0\u00a0\u00a0 O zdrowie i b\u0142. Bo\u017ce dla Dominika Miros\u0142awa Niewdana w dniu chrztu \u015bw.<\/p>\n<p>&#8211;\u00a0\u00a0\u00a0 +\u00a0 Anna Pluta w 18r. \u015bmierci<\/p>\n<p>Godz. 18\u00a0\u00a0\u00a0\u00a0\u00a0 ++ Jan Gawlas w 18r. \u015bmierci i rodzice<\/p>\n<p><strong><u>PONIEDZIA\u0141EK\u00a0 12. IX. 2016r. <\/u><\/strong><\/p>\n<p>Godz. 18\u00a0\u00a0\u00a0\u00a0 &#8211;\u00a0\u00a0\u00a0 +\u00a0 Emilia Michalec<\/p>\n<p><strong><u>WTOREK 13. IX. 2016r.<\/u><\/strong><\/p>\n<p>Godz. 7:00\u00a0 &#8211;\u00a0\u00a0\u00a0\u00a0 \u00a0\u00a0\u00a0W pewnej intencji<\/p>\n<p><strong><u>\u015aRODA 14.IX. 2016r.<\/u><\/strong><\/p>\n<p>Godz. 18\u00a0 \u00a0\u00a0\u00a0&#8211;\u00a0 ++ Marianna G\u00f3ra m\u0105\u017c J\u00f3zef i syn Leon<\/p>\n<p><strong><u>CZWARTEK 15.IX. 2016r.<\/u><\/strong><\/p>\n<p>Godz. 7:00\u00a0 &#8211;\u00a0 + J\u00f3zefa Malinowska<\/p>\n<p><strong><u>PI\u0104TEK 16.IX. 2016r.<\/u><\/strong><\/p>\n<p>Godz.18\u00a0\u00a0\u00a0\u00a0 &#8211;\u00a0\u00a0\u00a0 + Mieczys\u0142aw Lesiak w 3r. \u015bmierci<\/p>\n<p><strong><u>\u00a0SOBOTA 17. IX. 2016r. <\/u><\/strong><\/p>\n<p>Godz.18\u00a0\u00a0\u00a0\u00a0 &#8211;\u00a0\u00a0 + Anna Pasto<\/p>\n<p><strong><u>NIEDZIELA 18. IX . 2016r.<\/u><\/strong><\/p>\n<p>Godz.8:00 &#8211; ++ Rozalia Pluta w 21r. \u015bmierci i m\u0105\u017c Karol<\/p>\n<p>Godz.11:00 &#8211;\u00a0\u00a0\u00a0\u00a0 O zdrowie i b\u0142. Bo\u017ce dla Krzysztofa Suchonia w 50r. urodzi<\/p>\n<p>&#8211; ++ Weronika i Aleksander Kr\u0119giel<\/p>\n<p>Godz. 18\u00a0\u00a0\u00a0\u00a0 &#8211;\u00a0\u00a0 + Janina Kami\u0144ska w 24r. \u015bmierci<\/p>\n<p>&nbsp;<\/p>\n","protected":false},"excerpt":{"rendered":"<p>&nbsp; NIEDZIELA 11.IX. 2016r. Godz. 8:00 &#8211;\u00a0\u00a0\u00a0\u00a0 + Krzysztof Michalec w 6r. \u015bmierci Godz. 11:00-\u00a0\u00a0\u00a0\u00a0\u00a0\u00a0\u00a0 O zdrowie i b\u0142. Bo\u017ce dla Dominika Miros\u0142awa Niewdana w dniu chrztu \u015bw. &#8211;\u00a0\u00a0\u00a0 +\u00a0 Anna Pluta w 18r. \u015bmierci Godz. 18\u00a0\u00a0\u00a0\u00a0\u00a0 ++ Jan Gawlas w 18r. \u015bmierci i rodzice PONIEDZIA\u0141EK\u00a0 12. IX. 2016r. Godz. 18\u00a0\u00a0\u00a0\u00a0 &#8211;\u00a0\u00a0\u00a0 +\u00a0 Emilia Michalec [&hellip;]<\/p>\n","protected":false},"author":3,"featured_media":0,"comment_status":"closed","ping_status":"open","sticky":false,"template":"","format":"standard","meta":{"ngg_post_thumbnail":0,"footnotes":""},"categories":[7],"tags":[],"class_list":["post-615","post","type-post","status-publish","format-standard","hentry","category-intencje"],"aioseo_notices":[],"_links":{"self":[{"href":"https:\/\/parafiakrzyzowa.pl\/index.php?rest_route=\/wp\/v2\/posts\/615","targetHints":{"allow":["GET"]}}],"collection":[{"href":"https:\/\/parafiakrzyzowa.pl\/index.php?rest_route=\/wp\/v2\/posts"}],"about":[{"href":"https:\/\/parafiakrzyzowa.pl\/index.php?rest_route=\/wp\/v2\/types\/post"}],"author":[{"embeddable":true,"href":"https:\/\/parafiakrzyzowa.pl\/index.php?rest_route=\/wp\/v2\/users\/3"}],"replies":[{"embeddable":true,"href":"https:\/\/parafiakrzyzowa.pl\/index.php?rest_route=%2Fwp%2Fv2%2Fcomments&post=615"}],"version-history":[{"count":1,"href":"https:\/\/parafiakrzyzowa.pl\/index.php?rest_route=\/wp\/v2\/posts\/615\/revisions"}],"predecessor-version":[{"id":616,"href":"https:\/\/parafiakrzyzowa.pl\/index.php?rest_route=\/wp\/v2\/posts\/615\/revisions\/616"}],"wp:attachment":[{"href":"https:\/\/parafiakrzyzowa.pl\/index.php?rest_route=%2Fwp%2Fv2%2Fmedia&parent=615"}],"wp:term":[{"taxonomy":"category","embeddable":true,"href":"https:\/\/parafiakrzyzowa.pl\/index.php?rest_route=%2Fwp%2Fv2%2Fcategories&post=615"},{"taxonomy":"post_tag","embeddable":true,"href":"https:\/\/parafiakrzyzowa.pl\/index.php?rest_route=%2Fwp%2Fv2%2Ftags&post=615"}],"curies":[{"name":"wp","href":"https:\/\/api.w.org\/{rel}","templated":true}]}}