{"id":641,"date":"2016-10-14T09:28:36","date_gmt":"2016-10-14T09:28:36","guid":{"rendered":"http:\/\/mscieszka.nazwa.pl\/parafiakrzyzowa\/?p=641"},"modified":"2016-10-14T09:28:51","modified_gmt":"2016-10-14T09:28:51","slug":"641","status":"publish","type":"post","link":"https:\/\/parafiakrzyzowa.pl\/?p=641","title":{"rendered":""},"content":{"rendered":"<p>&nbsp;<\/p>\n<p>&nbsp;<\/p>\n<p><strong><u>INTENCJE\u00a0 MSZY\u00a0 \u015aWI\u0118TYCH<\/u><\/strong><\/p>\n<p><strong><u>NIEDZIELA 16.X. 2016r.<\/u><\/strong><\/p>\n<p>Godz. 8:00 &#8211;\u00a0\u00a0\u00a0 \u00a0+\u00a0 Stanis\u0142aw Niewdana\u00a0 w 4r. \u015bmierci<\/p>\n<p>Godz. 11:00-\u00a0\u00a0\u00a0 \u00a0+ J\u00f3zef Michalec w 7r. \u015bmierci<\/p>\n<p>Godz. 18\u00a0\u00a0\u00a0 &#8211;\u00a0 ++ z rodziny Habzda<\/p>\n<p><strong><u>PONIEDZIA\u0141EK\u00a0 17. X. 2016r.<\/u><\/strong><\/p>\n<p>Godz.\u00a0\u00a0\u00a0\u00a0\u00a0\u00a0\u00a0\u00a0 &#8211;\u00a0\u00a0\u00a0\u00a0 + Stefan Bednarek w 26r. \u015bmierci<\/p>\n<p><strong><u>WTOREK 18. X. 2016r.<\/u><\/strong><\/p>\n<p>Godz. 17\u00a0\u00a0\u00a0\u00a0 &#8211;\u00a0\u00a0 +\u00a0 Piotr Cicho\u0144<\/p>\n<p><strong><u>\u015aRODA 19.X. 2016r.<\/u><\/strong><\/p>\n<p>Godz. 17 \u00a0\u00a0\u00a0&#8211;\u00a0 \u00a0+ \u00a0Bronis\u0142aw Pastor<\/p>\n<p><strong><u>CZWARTEK 20.X. 2016r.<\/u><\/strong><\/p>\n<p>Godz. 17\u00a0\u00a0 \u00a0\u00a0&#8211; ++ W\u0142adys\u0142aw i Aniela Strza\u0142kowie i synowie<\/p>\n<p><strong><u>\u00a0PI\u0104TEK 21.X. 2016r.<\/u><\/strong><\/p>\n<p>Godz.17\u00a0\u00a0\u00a0\u00a0 &#8211; \u00a0\u00a0\u00a0\u00a0\u00a0\u00a0\u00a0O zdrowie i b\u0142. Bo\u017ce dla Weroniki Kami\u0144skiej w 90r. urodzin<\/p>\n<p><strong><u>\u00a0SOBOTA 22. X. 2016r. <\/u><\/strong><\/p>\n<p>Godz.17\u00a0\u00a0\u00a0\u00a0 &#8211;\u00a0\u00a0\u00a0\u00a0\u00a0\u00a0 O zdrowie i b\u0142. Bo\u017ce dla Igora Edwarda Jasiewicza \u00a0 \u00a0w dniu chrztu \u015bw. i rodzic\u00f3w<\/p>\n<p><strong><u>NIEDZIELA 23. X 2016r. \u00a0\u00a0<\/u><\/strong><\/p>\n<p>Godz.8:00 \u00a0\u00a0&#8211; \u00a0\u00a0\u00a0\u00a0O zdrowie i b\u0142. Bo\u017ce dla Zyty i J\u00f3zefa Michalec w 5r. \u015blubu<\/p>\n<p>Godz.11:00 &#8211;\u00a0\u00a0\u00a0\u00a0\u00a0 O zdrowie i b\u0142. Bo\u017ce dla Alicji i Marka J\u0119drzejas\u00f3w w 30r. \u015blubu<\/p>\n<p>Godz. 18\u00a0\u00a0\u00a0\u00a0 &#8211;\u00a0 \u00a0\u00a0\u00a0\u00a0Dzi\u0119kczynna za otrzymane \u0142aski z pro\u015bb\u0105 o zdrowie \u00a0 \u00a0 \u00a0 \u00a0 \u00a0 \u00a0 \u00a0 \u00a0 \u00a0 \u00a0 \u00a0 \u00a0 \u00a0 \u00a0 \u00a0i b\u0142. Bo\u017ce dla cz\u0142onki\u0144\u00a0R\u00f3\u017cy \u015bw. Faustyny Kowalskiej<\/p>\n<p>&nbsp;<\/p>\n<p>&nbsp;<\/p>\n<p>&nbsp;<\/p>\n<p>&nbsp;<\/p>\n<p>&nbsp;<\/p>\n<p>&nbsp;<\/p>\n<p>&nbsp;<\/p>\n<p>&nbsp;<\/p>\n<p>&nbsp;<\/p>\n<p>&nbsp;<\/p>\n<p>&nbsp;<\/p>\n<p>&nbsp;<\/p>\n<p>&nbsp;<\/p>\n<p>&nbsp;<\/p>\n<p>&nbsp;<\/p>\n","protected":false},"excerpt":{"rendered":"<p>&nbsp; &nbsp; INTENCJE\u00a0 MSZY\u00a0 \u015aWI\u0118TYCH NIEDZIELA 16.X. 2016r. Godz. 8:00 &#8211;\u00a0\u00a0\u00a0 \u00a0+\u00a0 Stanis\u0142aw Niewdana\u00a0 w 4r. \u015bmierci Godz. 11:00-\u00a0\u00a0\u00a0 \u00a0+ J\u00f3zef Michalec w 7r. \u015bmierci Godz. 18\u00a0\u00a0\u00a0 &#8211;\u00a0 ++ z rodziny Habzda PONIEDZIA\u0141EK\u00a0 17. X. 2016r. Godz.\u00a0\u00a0\u00a0\u00a0\u00a0\u00a0\u00a0\u00a0 &#8211;\u00a0\u00a0\u00a0\u00a0 + Stefan Bednarek w 26r. \u015bmierci WTOREK 18. X. 2016r. Godz. 17\u00a0\u00a0\u00a0\u00a0 &#8211;\u00a0\u00a0 +\u00a0 Piotr Cicho\u0144 \u015aRODA [&hellip;]<\/p>\n","protected":false},"author":3,"featured_media":0,"comment_status":"closed","ping_status":"open","sticky":false,"template":"","format":"standard","meta":{"ngg_post_thumbnail":0,"footnotes":""},"categories":[7],"tags":[],"class_list":["post-641","post","type-post","status-publish","format-standard","hentry","category-intencje"],"aioseo_notices":[],"_links":{"self":[{"href":"https:\/\/parafiakrzyzowa.pl\/index.php?rest_route=\/wp\/v2\/posts\/641","targetHints":{"allow":["GET"]}}],"collection":[{"href":"https:\/\/parafiakrzyzowa.pl\/index.php?rest_route=\/wp\/v2\/posts"}],"about":[{"href":"https:\/\/parafiakrzyzowa.pl\/index.php?rest_route=\/wp\/v2\/types\/post"}],"author":[{"embeddable":true,"href":"https:\/\/parafiakrzyzowa.pl\/index.php?rest_route=\/wp\/v2\/users\/3"}],"replies":[{"embeddable":true,"href":"https:\/\/parafiakrzyzowa.pl\/index.php?rest_route=%2Fwp%2Fv2%2Fcomments&post=641"}],"version-history":[{"count":1,"href":"https:\/\/parafiakrzyzowa.pl\/index.php?rest_route=\/wp\/v2\/posts\/641\/revisions"}],"predecessor-version":[{"id":642,"href":"https:\/\/parafiakrzyzowa.pl\/index.php?rest_route=\/wp\/v2\/posts\/641\/revisions\/642"}],"wp:attachment":[{"href":"https:\/\/parafiakrzyzowa.pl\/index.php?rest_route=%2Fwp%2Fv2%2Fmedia&parent=641"}],"wp:term":[{"taxonomy":"category","embeddable":true,"href":"https:\/\/parafiakrzyzowa.pl\/index.php?rest_route=%2Fwp%2Fv2%2Fcategories&post=641"},{"taxonomy":"post_tag","embeddable":true,"href":"https:\/\/parafiakrzyzowa.pl\/index.php?rest_route=%2Fwp%2Fv2%2Ftags&post=641"}],"curies":[{"name":"wp","href":"https:\/\/api.w.org\/{rel}","templated":true}]}}