{"id":643,"date":"2016-10-14T09:32:41","date_gmt":"2016-10-14T09:32:41","guid":{"rendered":"http:\/\/mscieszka.nazwa.pl\/parafiakrzyzowa\/?p=643"},"modified":"2016-10-14T09:33:00","modified_gmt":"2016-10-14T09:33:00","slug":"643","status":"publish","type":"post","link":"https:\/\/parafiakrzyzowa.pl\/?p=643","title":{"rendered":""},"content":{"rendered":"<p>Krzy\u017cowa dn. 16.X. 2016 r.<\/p>\n<p>&nbsp;<\/p>\n<p>&nbsp;<\/p>\n<p><strong>\u00a0<u>XXIX \u00a0NIEDZIELA \u00a0ZWYK\u0142A<\/u><\/strong><\/p>\n<p>&nbsp;<\/p>\n<p>Dzi\u015b przypada 38 rocznica wyboru na Stolic\u0119 Piotrow\u0105 kardyna\u0142a Karola Wojty\u0142y kt\u00f3ry przyj\u0105\u0142 imi\u0119 Jana Paw\u0142a II . Dzi\u015b naszego Ojca \u015bw. Czcimy ju\u017c jako \u015bwi\u0119tego Ko\u015bcio\u0142a Rzymsko \u2013 Katolickiego.<\/p>\n<p>Zapraszam jeszcze dzi\u015b na R\u00f3\u017caniec o godz. 17:30. R\u00f3wnie serdecznie zapraszam na codzienny R\u00f3\u017caniec po mszy \u015bwi\u0119tej o godz. 17:00.<\/p>\n<p>Trwajmy we wsp\u00f3lnocie naszego ko\u015bcio\u0142a parafialnego na codziennym R\u00f3\u017ca\u0144cu. Zapraszam szczeg\u00f3lnie dzieci i m\u0142odzie\u017c . Niech rodzice sprawdz\u0105 czy czasem ich dziecko jeszcze nie by\u0142o na modlitwie R\u00f3\u017ca\u0144cowej.<\/p>\n<p>W tym tygodniu R\u00f3\u017caniec prowadz\u0105 : pon R\u00f3\u017ca \u015bw. Franciszka p. P\u0142azy, wt. R\u00f3\u017ca m\u0142odzie\u017cowa , \u015br. lektorzy\u00a0 czw. ministranci\u00a0 Pt. Ko\u0142o Gospody\u0144 Wiejskich\u00a0sob. Stra\u017cacy z Krzy\u017cowej i Krzy\u017c\u00f3wek.<\/p>\n<p>Dzi\u015b we wszystkich ko\u015bcio\u0142ach w Polsce jest liczenie wiernych \u00a0 \u00a0 \u00a0 \u00a0 \u00a0 \u00a0 \u00a0 i przyst\u0119puj\u0105cych do Komunii \u015bw.<\/p>\n<p>W naszej Parafii po ka\u017cdej mszy \u015bwi\u0119tej lektorzy przed ko\u015bcio\u0142em zbieraj\u0105 na stypendia dla m\u0142odzie\u017cy z rodzin potrzebuj\u0105cych \u00a0 \u00a0 \u00a0 \u00a0 \u00a0 \u00a0 \u00a0w ramach Dzie\u0142a Nowego Tysi\u0105clecia .<\/p>\n<p>Dzi\u015b Rada Duszpasterska po raz ostatni w tym roku b\u0119dzie po domach zbiera\u0142a ofiary na prace w parafii. Jak zauwa\u017cyli\u015bcie zmieni\u0142em okna na plebanii na parterze . Za tydzie\u0144 P. Teresa z\u0142o\u017cy sprawozdanie z finans\u00f3w za ostatni rok , a ja podam informacje ile rodzin z naszej parafii uczestniczy\u0142o w finansowaniu wszystkich prac . Podam r\u00f3wnie\u017c jakie by\u0142y najwi\u0119ksze ofiary.<\/p>\n<p>&nbsp;<\/p>\n<p>Zach\u0119cam do nabywania prasy katolickiej. \u00a0 \u00a0 \u00a0 \u00a0 \u00a0 \u00a0 \u00a0 \u00a0 \u00a0 \u00a0 \u00a0 \u00a0 \u00a0 \u00a0 \u00a0 \u00a0 \u00a0 \u00a0 \u00a0 \u00a0 \u00a0 \u00a0 \u00a0Mo\u017cna dawa\u0107 wypominki do koszyka przed o\u0142tarzem bocznym.<\/p>\n<p>Dzi\u0119kuj\u0119 za sprz\u0105tanie ko\u015bcio\u0142a w tym tygodniu. Nast\u0119pne sprz\u0105tanie b\u0119dzie w sobot\u0119 o godz. 9:00.<\/p>\n<p>Spotkanie z dzie\u0107mi z klasy III b\u0119dzie w sobot\u0119 o godz. 10:00<\/p>\n<p>&nbsp;<\/p>\n<p>&nbsp;<\/p>\n<p>Kalendarz liturgiczny<\/p>\n<p>Pon. \u2013 wsp. \u015bw. Ignacego Antioche\u0144skiego biskupa i m\u0119czennika<\/p>\n<p>Wtorek \u2013 \u015bwi\u0119to \u015bw. \u0141ukasza Ewangelisty<\/p>\n<p>Czwartek \u2013 wsp. \u015bw. Jana z K\u0119t kap\u0142ana patrona diecezji<\/p>\n<p>Pi\u0105tek \u2013 wsp. b\u0142. Jakuba Strzemi\u0119 biskupa<\/p>\n<p>Sobota \u2013 wsp. \u015bw. Jana Paw\u0142a II papie\u017ca<\/p>\n<p>W ostatnim tygodniu odszed\u0142 do Pana po wieczn\u0105 nagrod\u0119 z naszej rodziny parafialnej \u015bp. Piotr Cicho\u0144\u00a0\u00a0\u00a0\u00a0\u00a0\u00a0 wieczny odpoczynek racz mu da\u0107 Panie\u2026..<\/p>\n<p>&nbsp;<\/p>\n","protected":false},"excerpt":{"rendered":"<p>Krzy\u017cowa dn. 16.X. 2016 r. &nbsp; &nbsp; \u00a0XXIX \u00a0NIEDZIELA \u00a0ZWYK\u0142A &nbsp; Dzi\u015b przypada 38 rocznica wyboru na Stolic\u0119 Piotrow\u0105 kardyna\u0142a Karola Wojty\u0142y kt\u00f3ry przyj\u0105\u0142 imi\u0119 Jana Paw\u0142a II . Dzi\u015b naszego Ojca \u015bw. Czcimy ju\u017c jako \u015bwi\u0119tego Ko\u015bcio\u0142a Rzymsko \u2013 Katolickiego. Zapraszam jeszcze dzi\u015b na R\u00f3\u017caniec o godz. 17:30. R\u00f3wnie serdecznie zapraszam na codzienny R\u00f3\u017caniec [&hellip;]<\/p>\n","protected":false},"author":3,"featured_media":0,"comment_status":"closed","ping_status":"open","sticky":false,"template":"","format":"standard","meta":{"ngg_post_thumbnail":0,"footnotes":""},"categories":[3],"tags":[],"class_list":["post-643","post","type-post","status-publish","format-standard","hentry","category-ogloszenia"],"aioseo_notices":[],"_links":{"self":[{"href":"https:\/\/parafiakrzyzowa.pl\/index.php?rest_route=\/wp\/v2\/posts\/643","targetHints":{"allow":["GET"]}}],"collection":[{"href":"https:\/\/parafiakrzyzowa.pl\/index.php?rest_route=\/wp\/v2\/posts"}],"about":[{"href":"https:\/\/parafiakrzyzowa.pl\/index.php?rest_route=\/wp\/v2\/types\/post"}],"author":[{"embeddable":true,"href":"https:\/\/parafiakrzyzowa.pl\/index.php?rest_route=\/wp\/v2\/users\/3"}],"replies":[{"embeddable":true,"href":"https:\/\/parafiakrzyzowa.pl\/index.php?rest_route=%2Fwp%2Fv2%2Fcomments&post=643"}],"version-history":[{"count":1,"href":"https:\/\/parafiakrzyzowa.pl\/index.php?rest_route=\/wp\/v2\/posts\/643\/revisions"}],"predecessor-version":[{"id":644,"href":"https:\/\/parafiakrzyzowa.pl\/index.php?rest_route=\/wp\/v2\/posts\/643\/revisions\/644"}],"wp:attachment":[{"href":"https:\/\/parafiakrzyzowa.pl\/index.php?rest_route=%2Fwp%2Fv2%2Fmedia&parent=643"}],"wp:term":[{"taxonomy":"category","embeddable":true,"href":"https:\/\/parafiakrzyzowa.pl\/index.php?rest_route=%2Fwp%2Fv2%2Fcategories&post=643"},{"taxonomy":"post_tag","embeddable":true,"href":"https:\/\/parafiakrzyzowa.pl\/index.php?rest_route=%2Fwp%2Fv2%2Ftags&post=643"}],"curies":[{"name":"wp","href":"https:\/\/api.w.org\/{rel}","templated":true}]}}