{"id":646,"date":"2016-10-21T16:57:46","date_gmt":"2016-10-21T16:57:46","guid":{"rendered":"http:\/\/mscieszka.nazwa.pl\/parafiakrzyzowa\/?p=646"},"modified":"2016-10-21T16:58:13","modified_gmt":"2016-10-21T16:58:13","slug":"646","status":"publish","type":"post","link":"https:\/\/parafiakrzyzowa.pl\/?p=646","title":{"rendered":""},"content":{"rendered":"<p>&nbsp;<\/p>\n<p>&nbsp;<\/p>\n<p><strong><u>INTENCJE\u00a0 MSZY\u00a0 \u015aWI\u0118TYCH<\/u><\/strong><\/p>\n<p><strong><u>NIEDZIELA 23.X. 2016r.<\/u><\/strong><\/p>\n<p>Godz. 8:00 &#8211;\u00a0\u00a0\u00a0 \u00a0\u00a0\u00a0\u00a0\u00a0\u00a0O zdrowie i b\u0142. Bo\u017ce dla Zyty i J\u00f3zefa Michalec w 5r. \u015blubu<\/p>\n<p>Godz. 11:00-\u00a0\u00a0\u00a0 \u00a0\u00a0\u00a0\u00a0\u00a0O zdrowie i b\u0142. Bo\u017ce dla Alicji i Marka J\u0119drzejas\u00f3w w 30r. \u015blubu<\/p>\n<p>Godz. 18\u00a0\u00a0\u00a0 &#8211;\u00a0 \u00a0\u00a0\u00a0\u00a0\u00a0\u00a0\u00a0Dzi\u0119kczynna za otrzymane \u0142aski z pro\u015bb\u0105 o zdrowie i b\u0142. Bo\u017ce dla cz\u0142onki\u0144\u00a0R\u00f3\u017cy \u015bw. Faustyny Kowalskiej<\/p>\n<p><strong><u>PONIEDZIA\u0141EK\u00a0 24. X. 2016r. <\/u><\/strong><\/p>\n<p>Godz.\u00a0\u00a0\u00a0\u00a0\u00a0 \u00a0\u00a0\u00a0&#8211;\u00a0 ++ Jozef i Helena i rodzice<\/p>\n<p><strong><u>WTOREK 25. X. 2016r.<\/u><\/strong><\/p>\n<p>Godz. 17\u00a0\u00a0\u00a0\u00a0 &#8211;\u00a0\u00a0\u00a0\u00a0\u00a0\u00a0 W pewnej intencji<\/p>\n<p><strong><u>\u015aRODA 26.X. 2016r.<\/u><\/strong><\/p>\n<p>Godz. 17 \u00a0\u00a0\u00a0&#8211;\u00a0 \u00a0+ \u00a0Piotr Cicho\u0144<\/p>\n<p><strong><u>CZWARTEK 27.X. 2016r.<\/u><\/strong><\/p>\n<p>Godz. 17\u00a0\u00a0 \u00a0\u00a0&#8211; \u00a0+ J\u00f3zef Krzy\u017cowski<\/p>\n<p><strong><u>\u00a0PI\u0104TEK 28.X. 2016r.<\/u><\/strong><\/p>\n<p>Godz.17\u00a0\u00a0\u00a0\u00a0 &#8211; ++ Maria S\u0142owik w 15r. \u015bmierci i m\u0105\u017c Antoni<\/p>\n<p><strong><u>\u00a0SOBOTA 29. X. 2016r. <\/u><\/strong><\/p>\n<p>Godz.17\u00a0\u00a0\u00a0\u00a0 &#8211;\u00a0\u00a0 + Anna Gnojczak<\/p>\n<p>NIEDZIELA 30.X. 2016r.<\/p>\n<p>Godz.8:00 \u00a0\u00a0&#8211; \u00a0+ W\u0142adys\u0142aw Mocek w 5r. \u015bmierci<\/p>\n<p>Godz.11:00 &#8211;\u00a0 + Agnieszka P\u0142aza w 18r. \u015bmierci<\/p>\n<p>Godz. 18\u00a0\u00a0\u00a0\u00a0 -++ Czes\u0142aw Duraj i rodzice Rozalia i Wojciech<\/p>\n<p>&nbsp;<\/p>\n<p>&nbsp;<\/p>\n<p>&nbsp;<\/p>\n<p>&nbsp;<\/p>\n","protected":false},"excerpt":{"rendered":"<p>&nbsp; &nbsp; INTENCJE\u00a0 MSZY\u00a0 \u015aWI\u0118TYCH NIEDZIELA 23.X. 2016r. Godz. 8:00 &#8211;\u00a0\u00a0\u00a0 \u00a0\u00a0\u00a0\u00a0\u00a0\u00a0O zdrowie i b\u0142. Bo\u017ce dla Zyty i J\u00f3zefa Michalec w 5r. \u015blubu Godz. 11:00-\u00a0\u00a0\u00a0 \u00a0\u00a0\u00a0\u00a0\u00a0O zdrowie i b\u0142. Bo\u017ce dla Alicji i Marka J\u0119drzejas\u00f3w w 30r. \u015blubu Godz. 18\u00a0\u00a0\u00a0 &#8211;\u00a0 \u00a0\u00a0\u00a0\u00a0\u00a0\u00a0\u00a0Dzi\u0119kczynna za otrzymane \u0142aski z pro\u015bb\u0105 o zdrowie i b\u0142. Bo\u017ce dla cz\u0142onki\u0144\u00a0R\u00f3\u017cy [&hellip;]<\/p>\n","protected":false},"author":3,"featured_media":0,"comment_status":"closed","ping_status":"open","sticky":false,"template":"","format":"standard","meta":{"ngg_post_thumbnail":0,"footnotes":""},"categories":[7],"tags":[],"class_list":["post-646","post","type-post","status-publish","format-standard","hentry","category-intencje"],"aioseo_notices":[],"_links":{"self":[{"href":"https:\/\/parafiakrzyzowa.pl\/index.php?rest_route=\/wp\/v2\/posts\/646","targetHints":{"allow":["GET"]}}],"collection":[{"href":"https:\/\/parafiakrzyzowa.pl\/index.php?rest_route=\/wp\/v2\/posts"}],"about":[{"href":"https:\/\/parafiakrzyzowa.pl\/index.php?rest_route=\/wp\/v2\/types\/post"}],"author":[{"embeddable":true,"href":"https:\/\/parafiakrzyzowa.pl\/index.php?rest_route=\/wp\/v2\/users\/3"}],"replies":[{"embeddable":true,"href":"https:\/\/parafiakrzyzowa.pl\/index.php?rest_route=%2Fwp%2Fv2%2Fcomments&post=646"}],"version-history":[{"count":1,"href":"https:\/\/parafiakrzyzowa.pl\/index.php?rest_route=\/wp\/v2\/posts\/646\/revisions"}],"predecessor-version":[{"id":647,"href":"https:\/\/parafiakrzyzowa.pl\/index.php?rest_route=\/wp\/v2\/posts\/646\/revisions\/647"}],"wp:attachment":[{"href":"https:\/\/parafiakrzyzowa.pl\/index.php?rest_route=%2Fwp%2Fv2%2Fmedia&parent=646"}],"wp:term":[{"taxonomy":"category","embeddable":true,"href":"https:\/\/parafiakrzyzowa.pl\/index.php?rest_route=%2Fwp%2Fv2%2Fcategories&post=646"},{"taxonomy":"post_tag","embeddable":true,"href":"https:\/\/parafiakrzyzowa.pl\/index.php?rest_route=%2Fwp%2Fv2%2Ftags&post=646"}],"curies":[{"name":"wp","href":"https:\/\/api.w.org\/{rel}","templated":true}]}}