{"id":648,"date":"2016-10-21T17:00:17","date_gmt":"2016-10-21T17:00:17","guid":{"rendered":"http:\/\/mscieszka.nazwa.pl\/parafiakrzyzowa\/?p=648"},"modified":"2016-10-21T17:00:44","modified_gmt":"2016-10-21T17:00:44","slug":"648","status":"publish","type":"post","link":"https:\/\/parafiakrzyzowa.pl\/?p=648","title":{"rendered":""},"content":{"rendered":"<p>Krzy\u017cowa dn. 23.X. 2016 r.<\/p>\n<p>&nbsp;<\/p>\n<p>&nbsp;<\/p>\n<p><strong>\u00a0<u>XXX \u00a0NIEDZIELA \u00a0ZWYK\u0142A<\/u><\/strong><\/p>\n<p>Zapraszam jeszcze dzi\u015b na R\u00f3\u017caniec o godz. 17:30. A przed nami ostatni tydzie\u0144 pa\u017adziernika i modlitwy r\u00f3\u017ca\u0144cowej . W tym ostatnim tygodniu b\u0119dziemy na ka\u017cdym R\u00f3\u017ca\u0144cu wypomina\u0107 naszych bliskich zmar\u0142ych i prosi\u0107 Boga o ich zbawienie. Serdecznie zapraszam.<\/p>\n<p>W tym tygodniu R\u00f3\u017caniec prowadz\u0105: pon. Rada Duszpasterska i Ekonomiczna , Lektorzy \u015br. kl. IV , czw. kl. V, pt\u00a0 kl, VI sob. kl. I gimnazjum.<\/p>\n<p>Bardzo serdecznie prosz\u0119 o osobist\u0105 codzienn\u0105 modlitw\u0119 w intencji zbli\u017caj\u0105cych si\u0119 misji \u015bwi\u0119tych w naszej Parafii.<\/p>\n<p>Bardzo serdecznie dzi\u0119kuj\u0119 na zako\u0144czenie w tym roku prac przy naszej parafii ca\u0142ej Radzie Ekonomicznej i Duszpasterskiej za ogromn\u0105 pomoc i po\u015bwi\u0119cenie dla naszej wsp\u00f3lnoty . Dzi\u0119kuj\u0119 ca\u0142ej parafii za wielk\u0105 ofiarno\u015b\u0107 i zrozumienie, \u017ce te prace kt\u00f3re realizujemy s\u0105 konieczne . Niekt\u00f3rym przypominam, \u017ce nie robi\u0105 tego dla Proboszcza , kt\u00f3ry niczego nie robi dla siebie.<\/p>\n<p>Dzi\u0119kuj\u0119 za ka\u017cd\u0105 ofiar\u0119 pieni\u0119\u017cn\u0105 . W Krzy\u017c\u00f3wkach s\u0105 \u00a072 rodziny , ofiar by\u0142o od 80 rodzin.<\/p>\n<p>W Krzy\u017cowej s\u0105 315 rodzin , a wp\u0142at by\u0142o od 288 rodzin . Jeszcze raz serdecznie dzi\u0119kujemy tzn Rada Duszpasterska Ekonomiczna i Ja.<\/p>\n<p>Ka\u017cda ofiara b\u0119dzie wpisana do kartoteki poszczeg\u00f3lnych rodzin i ka\u017cdy b\u0119dzie m\u00f3g\u0142 sobie sprawdzi\u0107.<\/p>\n<p>Bardzo serdecznie prosz\u0119 wszystkich parafian , kt\u00f3rzy maj\u0105 groby bliskich zmar\u0142ych na cmentarzu o sprawdzenie czy jest wykupiony gr\u00f3b . Zg\u0142aszaj\u0105 si\u0119 wierni kt\u00f3rzy nie maja wykupionego grobu od 40 lat. \u00a0Przypominam, \u017ce op\u0142ata wynosi 200 z\u0142. na 20 lat.<\/p>\n<p>B\u00f3g zap\u0142a\u0107 za sprz\u0105tanie ko\u015bcio\u0142a w tym tygodniu. Nast\u0119pne sprz\u0105tanie b\u0119dzie \u00a0w sobot\u0119 o godz. 9:00<\/p>\n<p>Sprz\u0105taj\u0105 Panie\u00a0 Bo\u017cena Mylak Barbara Biernatem Maria Sk\u00f3rzak i Barbara Moc.<\/p>\n<p>Zach\u0119cam do nabywania prasy katolickiej.<\/p>\n<p>Mo\u017cna dawa\u0107 na wypominki do koszyka przy bocznym o\u0142tarzu . Bardzo dzi\u0119kuj\u0119, \u017ce wypominki s\u0105 wyra\u017anie i porz\u0105dnie pisane.<\/p>\n<p>&nbsp;<\/p>\n<p>Kalendarz liturgiczny<\/p>\n<p>Pi\u0105tek \u2013 \u015bwi\u0119to \u015bw. Aposto\u0142\u00f3w Szymona i Judy Tadeusza.<\/p>\n<p>&nbsp;<\/p>\n","protected":false},"excerpt":{"rendered":"<p>Krzy\u017cowa dn. 23.X. 2016 r. &nbsp; &nbsp; \u00a0XXX \u00a0NIEDZIELA \u00a0ZWYK\u0142A Zapraszam jeszcze dzi\u015b na R\u00f3\u017caniec o godz. 17:30. A przed nami ostatni tydzie\u0144 pa\u017adziernika i modlitwy r\u00f3\u017ca\u0144cowej . W tym ostatnim tygodniu b\u0119dziemy na ka\u017cdym R\u00f3\u017ca\u0144cu wypomina\u0107 naszych bliskich zmar\u0142ych i prosi\u0107 Boga o ich zbawienie. Serdecznie zapraszam. W tym tygodniu R\u00f3\u017caniec prowadz\u0105: pon. Rada [&hellip;]<\/p>\n","protected":false},"author":3,"featured_media":0,"comment_status":"closed","ping_status":"open","sticky":false,"template":"","format":"standard","meta":{"ngg_post_thumbnail":0,"footnotes":""},"categories":[3],"tags":[],"class_list":["post-648","post","type-post","status-publish","format-standard","hentry","category-ogloszenia"],"aioseo_notices":[],"_links":{"self":[{"href":"https:\/\/parafiakrzyzowa.pl\/index.php?rest_route=\/wp\/v2\/posts\/648","targetHints":{"allow":["GET"]}}],"collection":[{"href":"https:\/\/parafiakrzyzowa.pl\/index.php?rest_route=\/wp\/v2\/posts"}],"about":[{"href":"https:\/\/parafiakrzyzowa.pl\/index.php?rest_route=\/wp\/v2\/types\/post"}],"author":[{"embeddable":true,"href":"https:\/\/parafiakrzyzowa.pl\/index.php?rest_route=\/wp\/v2\/users\/3"}],"replies":[{"embeddable":true,"href":"https:\/\/parafiakrzyzowa.pl\/index.php?rest_route=%2Fwp%2Fv2%2Fcomments&post=648"}],"version-history":[{"count":1,"href":"https:\/\/parafiakrzyzowa.pl\/index.php?rest_route=\/wp\/v2\/posts\/648\/revisions"}],"predecessor-version":[{"id":649,"href":"https:\/\/parafiakrzyzowa.pl\/index.php?rest_route=\/wp\/v2\/posts\/648\/revisions\/649"}],"wp:attachment":[{"href":"https:\/\/parafiakrzyzowa.pl\/index.php?rest_route=%2Fwp%2Fv2%2Fmedia&parent=648"}],"wp:term":[{"taxonomy":"category","embeddable":true,"href":"https:\/\/parafiakrzyzowa.pl\/index.php?rest_route=%2Fwp%2Fv2%2Fcategories&post=648"},{"taxonomy":"post_tag","embeddable":true,"href":"https:\/\/parafiakrzyzowa.pl\/index.php?rest_route=%2Fwp%2Fv2%2Ftags&post=648"}],"curies":[{"name":"wp","href":"https:\/\/api.w.org\/{rel}","templated":true}]}}