{"id":652,"date":"2016-10-29T07:59:41","date_gmt":"2016-10-29T07:59:41","guid":{"rendered":"http:\/\/mscieszka.nazwa.pl\/parafiakrzyzowa\/?p=652"},"modified":"2016-10-29T08:00:00","modified_gmt":"2016-10-29T08:00:00","slug":"652","status":"publish","type":"post","link":"https:\/\/parafiakrzyzowa.pl\/?p=652","title":{"rendered":""},"content":{"rendered":"<p>&nbsp;<\/p>\n<p>Krzy\u017cowa dn. 30.X. 2016 r.<\/p>\n<p><strong><u>\u00a0 \u00a0 \u00a0 \u00a0 \u00a0 \u00a0 \u00a0 \u00a0 \u00a0 \u00a0 \u00a0 \u00a0 \u00a0 \u00a0XXXI \u00a0NIEDZIELA \u00a0ZWYK\u0142A<\/u><\/strong><\/p>\n<p>Zapraszam jeszcze dzi\u015b na R\u00f3\u017caniec o godz. 17:30 , a jutro ostatnie ju\u017c nabo\u017ce\u0144stwo r\u00f3\u017ca\u0144cowe po mszy \u015bwi\u0119tej o godz. 17:00. Jutro prowadzi R\u00f3\u017caniec klasa III gimnazjum.<\/p>\n<p>We wtorek przypada Uroczysto\u015b\u0107 Wszystkich \u015awi\u0119tych . Dzie\u0144 rado\u015bci , \u017ce nasi bracia i siostry po ziemskiej pielgrzymce osi\u0105gn\u0119li niebo.<\/p>\n<p>Msze \u015bw. w naszym ko\u015bciele b\u0119d\u0105 o godz. 8:00 11 i o godz. 14:00. Po mszy \u015bw. \u00a0o godz. 14:00 b\u0119dzie procesja na cmentarz gdzie b\u0119dziemy przy 5 stacjach wypomina\u0107 naszych zmar\u0142ych i modli\u0107 si\u0119 za nich.<\/p>\n<p>W \u015brod\u0119 2 listopada przypada wspomnienie Wszystkich Wiernych Zmar\u0142ych czyli Dzie\u0144 Zaduszny. Jest to dzie\u0144 naszej modlitwy , zyskiwania odpust\u00f3w \u00a0 i ofiarowania Komunii \u015bw. za dusze w czy\u015b\u0107cu cierpi\u0105ce. Msze \u015bw. w naszym ko\u015bciele w Dzie\u0144 Zaduszny b\u0119d\u0105 o godz. 7:00 , 8:30 i 17 wieczorem.\u00a0 20 minut przed ka\u017cd\u0105 msz\u0105 \u015bw. b\u0119d\u0105 czytane wypominki jednorazowe . Nie b\u0119dzie procesji na cmentarz.<\/p>\n<p>Wypominki roczne b\u0119d\u0105 czytane\u00a0 w ka\u017cd\u0105 niedziel\u0119 naprzemiennie przed porannymi mszami \u015bwi\u0119tymi , tak jak to by\u0142o w tym roku.<\/p>\n<p>Dodatkowo msze \u015bw. w I pi\u0105tki ka\u017cdego miesi\u0105ca przez ca\u0142y rok b\u0119dzie sprawowana msza \u015bw. w intencji naszych zmar\u0142ych wypominanych w naszym ko\u015bciele.<\/p>\n<p>Bardzo serdecznie prosz\u0119 o zg\u0142aszanie wszystkich pomy\u0142ek jakie zauwa\u017cycie przy czytaniu wypomink\u00f3w.<\/p>\n<p>Bardzo dzi\u0119kuj\u0119 za ofiary kt\u00f3re sk\u0142adali\u015bcie z wypominkami.<\/p>\n<p>W tym tygodniu przypada I czwartek , pi\u0105tek i sobota miesi\u0105ca. Spowied\u017a \u015bw. we czwartek od 16 do 17 a po mszy \u015bw. Godzina \u015awi\u0119ta. Serdecznie zapraszam. W pi\u0105tek spowied\u017a \u015bw. od 16 do 17 , a po mszy \u015bw. nabo\u017ce\u0144stwo do Naj\u015bwi\u0119tszego Serca Pana Jezusa.<\/p>\n<p>Wizyta u chorych i senior\u00f3w w pi\u0105tek od godz. 9:00.<\/p>\n<p>Serdecznie prosz\u0119 o modlitw\u0119 w intencji zbli\u017caj\u0105cych si\u0119 misji \u015bwi\u0119tych.<\/p>\n<p>Zach\u0119cam do nabywania prasy katolickiej.<\/p>\n<p>B\u00f3g zap\u0142a\u0107 za sprz\u0105tanie ko\u015bcio\u0142a w tym tygodniu. Nast\u0119pne sprz\u0105tanie w sobot\u0119 o godz. 9:00.Sprz\u0105taj\u0105 Panie: Krystyna J\u0119drzejas Maria Cudzich Stanis\u0142awa Majcherek i Jadwiga Nowak<\/p>\n<p>Mo\u017cna sobie rezerwowa\u0107 msze \u015bwi\u0119te na nowy 2017rok.<\/p>\n<p>Bardzo dzi\u0119kuj\u0119 naszym dzieciom i P. wychowawczyniom z kl. I, II i III za uporz\u0105dkowanie przy ko\u015bciele \u017co\u0142nierskich grob\u00f3w.<\/p>\n<p>Spotkanie z dzie\u0107mi klasy III b\u0119dzie w sobot\u0119 o godz. 10:00 na plebanii.<\/p>\n<p>Kalendarz liturgiczny<\/p>\n<p>Wtorek \u2013 Uroczysto\u015b\u0107 Wszystkich \u015awi\u0119tych<\/p>\n<p>\u015aroda \u2013 Dzie\u0144 zaduszny<\/p>\n<p>Pi\u0105tek \u2013 wsp. \u015bw. Karola Boromeusza biskupa<\/p>\n<p>W ostatnim tygodniu odesz\u0142a do Pana po wieczn\u0105 nagrod\u0119 \u015bp. Anna Matuszna<\/p>\n<p>wieczny odpoczynek racz jej da\u0107 Panie\u2026..<\/p>\n","protected":false},"excerpt":{"rendered":"<p>&nbsp; Krzy\u017cowa dn. 30.X. 2016 r. \u00a0 \u00a0 \u00a0 \u00a0 \u00a0 \u00a0 \u00a0 \u00a0 \u00a0 \u00a0 \u00a0 \u00a0 \u00a0 \u00a0XXXI \u00a0NIEDZIELA \u00a0ZWYK\u0142A Zapraszam jeszcze dzi\u015b na R\u00f3\u017caniec o godz. 17:30 , a jutro ostatnie ju\u017c nabo\u017ce\u0144stwo r\u00f3\u017ca\u0144cowe po mszy \u015bwi\u0119tej o godz. 17:00. Jutro prowadzi R\u00f3\u017caniec klasa III gimnazjum. We wtorek przypada Uroczysto\u015b\u0107 Wszystkich \u015awi\u0119tych [&hellip;]<\/p>\n","protected":false},"author":3,"featured_media":0,"comment_status":"closed","ping_status":"open","sticky":false,"template":"","format":"standard","meta":{"ngg_post_thumbnail":0,"footnotes":""},"categories":[3],"tags":[],"class_list":["post-652","post","type-post","status-publish","format-standard","hentry","category-ogloszenia"],"aioseo_notices":[],"_links":{"self":[{"href":"https:\/\/parafiakrzyzowa.pl\/index.php?rest_route=\/wp\/v2\/posts\/652","targetHints":{"allow":["GET"]}}],"collection":[{"href":"https:\/\/parafiakrzyzowa.pl\/index.php?rest_route=\/wp\/v2\/posts"}],"about":[{"href":"https:\/\/parafiakrzyzowa.pl\/index.php?rest_route=\/wp\/v2\/types\/post"}],"author":[{"embeddable":true,"href":"https:\/\/parafiakrzyzowa.pl\/index.php?rest_route=\/wp\/v2\/users\/3"}],"replies":[{"embeddable":true,"href":"https:\/\/parafiakrzyzowa.pl\/index.php?rest_route=%2Fwp%2Fv2%2Fcomments&post=652"}],"version-history":[{"count":1,"href":"https:\/\/parafiakrzyzowa.pl\/index.php?rest_route=\/wp\/v2\/posts\/652\/revisions"}],"predecessor-version":[{"id":653,"href":"https:\/\/parafiakrzyzowa.pl\/index.php?rest_route=\/wp\/v2\/posts\/652\/revisions\/653"}],"wp:attachment":[{"href":"https:\/\/parafiakrzyzowa.pl\/index.php?rest_route=%2Fwp%2Fv2%2Fmedia&parent=652"}],"wp:term":[{"taxonomy":"category","embeddable":true,"href":"https:\/\/parafiakrzyzowa.pl\/index.php?rest_route=%2Fwp%2Fv2%2Fcategories&post=652"},{"taxonomy":"post_tag","embeddable":true,"href":"https:\/\/parafiakrzyzowa.pl\/index.php?rest_route=%2Fwp%2Fv2%2Ftags&post=652"}],"curies":[{"name":"wp","href":"https:\/\/api.w.org\/{rel}","templated":true}]}}