{"id":734,"date":"2017-01-28T12:01:57","date_gmt":"2017-01-28T12:01:57","guid":{"rendered":"http:\/\/mscieszka.nazwa.pl\/parafiakrzyzowa\/?p=734"},"modified":"2017-01-28T12:02:30","modified_gmt":"2017-01-28T12:02:30","slug":"734","status":"publish","type":"post","link":"https:\/\/parafiakrzyzowa.pl\/?p=734","title":{"rendered":""},"content":{"rendered":"<p>&nbsp;<\/p>\n<p>Krzy\u017cowa dn. 29.I. 2017 r.<\/p>\n<p>&nbsp;<\/p>\n<p><strong>\u00a0\u00a0\u00a0\u00a0\u00a0\u00a0\u00a0\u00a0\u00a0\u00a0\u00a0\u00a0\u00a0\u00a0\u00a0 \u00a0\u00a0\u00a0<\/strong><strong>\u00a0\u00a0\u00a0\u00a0\u00a0\u00a0\u00a0\u00a0\u00a0\u00a0\u00a0\u00a0\u00a0\u00a0\u00a0\u00a0\u00a0\u00a0<u>IV\u00a0 NIEDZIELA ZWYK\u0141A<\/u><\/strong><\/p>\n<p>&nbsp;<\/p>\n<p>&nbsp;<\/p>\n<p>Dzieci i m\u0142odzie\u017c ko\u0144cz\u0105 ferie zimowe. Wszystkim \u017cycz\u0119 po wypoczynku sukces\u00f3w w nauce .<\/p>\n<p>Jutro po wieczornej mszy \u015bw. o godz. 17:00 spotkanie z dzie\u0107mi i mami z klasy trzeciej na plebanii . B\u0119dzie krawcowa , kt\u00f3ra zmierzy dzieci i rozpocznie szycie stroj\u00f3w komunijnych .<\/p>\n<p>W \u015brod\u0119 zapraszam na msz\u0119 \u015bw. i Nowenn\u0119 do Matki Bo\u017cej Nieustaj\u0105cej Pomocy m\u0142odzie\u017c z klasy II i III gimnazjum. Po mszy \u015bw. spotkanie z m\u0142odzie\u017c\u0105 \u00a0w ko\u015bciele.<\/p>\n<p>&nbsp;<\/p>\n<p>We czwartek przypada \u015bwi\u0119to Ofiarowania Pa\u0144skiego czyli Matki Bo\u017cej Gromnicznej. Msze \u015bw.. w naszym ko\u015bciele b\u0119d\u0105 o godz. 8:00 i 17 :00 wieczorem. Przynosimy ze sob\u0105 gromnice .Sk\u0142adka z tego \u015bwi\u0119ta jest przeznaczona na zakony kontemplacyjne. Po mszy \u015bwi\u0119tej o godz. 17 spotkanie na plebanii \u00a0z Rad\u0105 Duszpastersk\u0105 i Ekonomiczn\u0105. Serdecznie zapraszam.<\/p>\n<p>W tym tygodniu przypada I czwartek , pi\u0105tek i sobota miesi\u0105ca. Spowied\u017a \u015bw. we czwartek przed mszami \u015bwi\u0119tymi o 8 i 17 , w pi\u0105tek spowied\u017a \u015bw. od 15:30 do 17.<\/p>\n<p>Po mszy \u015bw. nabo\u017ce\u0144stwo do Naj\u015bwi\u0119tszego Serca Pana Jezusa . Serdecznie zapraszam do spowiedzi i na msz\u0119 \u015bw.<\/p>\n<p>W sobot\u0119 R\u00f3\u017caniec w ko\u015bciele od 16:30. Po mszy \u015bw, nabo\u017ce\u0144stwo do Niepokalanego Serca Matki Naj\u015bwi\u0119tszej<\/p>\n<p>Wizyta u chorych i senior\u00f3w w pi\u0105tek od godz. 9:00.<\/p>\n<p>Zam\u00f3wi\u0142em okna do salki katechetycznej i je\u015bli tylko zrobi si\u0119 cieplej b\u0119dziemy remontowa\u0107 salk\u0119 katechetyczn\u0105 , kt\u00f3rej nam okrutnie brakuje.<\/p>\n<p>Bardzo serdecznie prosz\u0119 \u017ceby sk\u0142adka z pierwszej niedzieli miesi\u0105ca by\u0142a wi\u0119ksza, bo z tych sk\u0142adek b\u0119dziemy przeprowadza\u0107 mniejsze prace przy ko\u015bciele.<\/p>\n<p>Po spotkaniu z Rad\u0105 Ekonomiczn\u0105 i Duszpastersk\u0105 powiem wi\u0119cej na temat planowanych inwestycji i ofiar kt\u00f3re ze sk\u0142adek niedzielnych nasza parafia musi odprowadza\u0107 do Kurii Biskupiej.<\/p>\n<p>&nbsp;<\/p>\n<p>Zach\u0119cam do nabywania prasy katolickiej .<\/p>\n<p>B\u00f3g zap\u0142a\u0107 za sprz\u0105tanie ko\u015bcio\u0142a w tym tygodniu. nast\u0119pne sprz\u0105tanie b\u0119dzie w sobot\u0119 o godz. 9: 00 Sprz\u0105taj\u0105\u00a0 Panie: Bo\u017cena J\u0119drzejas Barbara Mocek Anna Wasilewska i Zofia Basik.<\/p>\n<p>&nbsp;<\/p>\n<p>Kalendarz liturgiczny<\/p>\n<p>&nbsp;<\/p>\n<p>Wtorek \u2013 wsp. \u015bw. Jana Bosko kap\u0142ana<\/p>\n<p>Czwartek \u2013 \u015bwi\u0119to Ofiarowania Pa\u0144skiego<\/p>\n","protected":false},"excerpt":{"rendered":"<p>&nbsp; Krzy\u017cowa dn. 29.I. 2017 r. &nbsp; \u00a0\u00a0\u00a0\u00a0\u00a0\u00a0\u00a0\u00a0\u00a0\u00a0\u00a0\u00a0\u00a0\u00a0\u00a0 \u00a0\u00a0\u00a0\u00a0\u00a0\u00a0\u00a0\u00a0\u00a0\u00a0\u00a0\u00a0\u00a0\u00a0\u00a0\u00a0\u00a0\u00a0\u00a0\u00a0\u00a0IV\u00a0 NIEDZIELA ZWYK\u0141A &nbsp; &nbsp; Dzieci i m\u0142odzie\u017c ko\u0144cz\u0105 ferie zimowe. Wszystkim \u017cycz\u0119 po wypoczynku sukces\u00f3w w nauce . Jutro po wieczornej mszy \u015bw. o godz. 17:00 spotkanie z dzie\u0107mi i mami z klasy trzeciej na plebanii . B\u0119dzie krawcowa , kt\u00f3ra zmierzy dzieci i rozpocznie szycie [&hellip;]<\/p>\n","protected":false},"author":3,"featured_media":0,"comment_status":"closed","ping_status":"closed","sticky":false,"template":"","format":"standard","meta":{"ngg_post_thumbnail":0,"footnotes":""},"categories":[3],"tags":[],"class_list":["post-734","post","type-post","status-publish","format-standard","hentry","category-ogloszenia"],"aioseo_notices":[],"_links":{"self":[{"href":"https:\/\/parafiakrzyzowa.pl\/index.php?rest_route=\/wp\/v2\/posts\/734","targetHints":{"allow":["GET"]}}],"collection":[{"href":"https:\/\/parafiakrzyzowa.pl\/index.php?rest_route=\/wp\/v2\/posts"}],"about":[{"href":"https:\/\/parafiakrzyzowa.pl\/index.php?rest_route=\/wp\/v2\/types\/post"}],"author":[{"embeddable":true,"href":"https:\/\/parafiakrzyzowa.pl\/index.php?rest_route=\/wp\/v2\/users\/3"}],"replies":[{"embeddable":true,"href":"https:\/\/parafiakrzyzowa.pl\/index.php?rest_route=%2Fwp%2Fv2%2Fcomments&post=734"}],"version-history":[{"count":1,"href":"https:\/\/parafiakrzyzowa.pl\/index.php?rest_route=\/wp\/v2\/posts\/734\/revisions"}],"predecessor-version":[{"id":735,"href":"https:\/\/parafiakrzyzowa.pl\/index.php?rest_route=\/wp\/v2\/posts\/734\/revisions\/735"}],"wp:attachment":[{"href":"https:\/\/parafiakrzyzowa.pl\/index.php?rest_route=%2Fwp%2Fv2%2Fmedia&parent=734"}],"wp:term":[{"taxonomy":"category","embeddable":true,"href":"https:\/\/parafiakrzyzowa.pl\/index.php?rest_route=%2Fwp%2Fv2%2Fcategories&post=734"},{"taxonomy":"post_tag","embeddable":true,"href":"https:\/\/parafiakrzyzowa.pl\/index.php?rest_route=%2Fwp%2Fv2%2Ftags&post=734"}],"curies":[{"name":"wp","href":"https:\/\/api.w.org\/{rel}","templated":true}]}}