{"id":736,"date":"2017-01-28T12:05:38","date_gmt":"2017-01-28T12:05:38","guid":{"rendered":"http:\/\/mscieszka.nazwa.pl\/parafiakrzyzowa\/?p=736"},"modified":"2017-01-28T12:06:05","modified_gmt":"2017-01-28T12:06:05","slug":"736","status":"publish","type":"post","link":"https:\/\/parafiakrzyzowa.pl\/?p=736","title":{"rendered":""},"content":{"rendered":"<p>&nbsp;<\/p>\n<p>&nbsp;<\/p>\n<p><strong><u>INTENCJE\u00a0 MSZY\u00a0 \u015aWI\u0118TYCH<\/u><\/strong><\/p>\n<p><strong><u>NIEDZIELA 29 .I. 2017r.<\/u><\/strong><\/p>\n<p>Godz. 8:00 &#8211; \u00a0\u00a0\u00a0\u00a0+ Jan Matejczyk w 16r. \u015bmierci<\/p>\n<p>Godz. 11\u00a0\u00a0 \u00a0&#8211; \u00a0\u00a0\u00a0\u00a0+ Kazimierz J\u0119drzejas<\/p>\n<p>Godz. 18\u00a0\u00a0\u00a0 &#8211;\u00a0\u00a0\u00a0\u00a0\u00a0\u00a0 Dzi\u0119kczynna z pro\u015bb\u0105 o zdrowie i b\u0142. Bo\u017ce dla Juliusza i Bo\u017ceny Mylak\u00a0w 30r. \u015blubu<\/p>\n<p><strong><u>PONIEDZIA\u0141EK\u00a0 30. I. 2017r. <\/u><\/strong><\/p>\n<p>Godz. 17\u00a0\u00a0 &#8211;\u00a0\u00a0\u00a0 \u00a0+\u00a0 Wojciech J\u0119drzejas<\/p>\n<p><strong><u>WTOREK 31. I. 2017r.<\/u><\/strong><\/p>\n<p>Godz. 7:00 &#8211;\u00a0\u00a0\u00a0\u00a0\u00a0\u00a0\u00a0 W pewnej intencji<\/p>\n<p><strong><u>\u015aRODA 1.II. 2017r.<\/u><\/strong><\/p>\n<p>Godz. 17\u00a0\u00a0 &#8211; \u00a0\u00a0\u00a0\u00a0+ Rudolf Kwocza\u0142a w 3r. \u015bmierci<\/p>\n<p><strong><u>CZWARTEK 2.II. 2017r. \u2013 0FIAROWANIE PA\u0143SKIE<\/u><\/strong><\/p>\n<p>Godz. 8:00-\u00a0 \u00a0\u00a0+ Maria Kami\u0144ska z okazji Imienin<\/p>\n<p>Godz. 17\u00a0\u00a0 &#8211;\u00a0\u00a0\u00a0 + Franciszek Michalec w 1r. \u015bmierci<\/p>\n<p><strong><u>\u00a0<\/u><\/strong><strong><u>PI\u0104TEK 3.II. 2017r. <\/u><\/strong><\/p>\n<p>Godz. 17\u00a0 \u00a0&#8211;\u00a0\u00a0\u00a0\u00a0\u00a0\u00a0 Za zmar\u0142ych wypominanych w naszej parafii<\/p>\n<p><strong><u>\u00a0<\/u><\/strong><strong><u>SOBOTA 4. II. 2017r. <\/u><\/strong><\/p>\n<p>Godz. 17\u00a0\u00a0 &#8211;\u00a0\u00a0\u00a0 + Jan P\u0142aza<\/p>\n<p><strong><u>NIEDZIELA 5. II. 2017r.\u00a0<\/u><\/strong><\/p>\n<p>Godz.8:00 \u00a0&#8211; ++ Rozalia Duraj m\u0105\u017c i syn Czes\u0142aw<\/p>\n<p>Godz. 11\u00a0\u00a0\u00a0 &#8211; \u00a0\u00a0+ W\u0142adys\u0142aw Pastor w 13r. \u015bmierci<\/p>\n<p>Godz. 18\u00a0\u00a0\u00a0 &#8211;\u00a0\u00a0 + Piotr Cicho\u0144<\/p>\n<p>&nbsp;<\/p>\n<p>&nbsp;<\/p>\n<p>&nbsp;<\/p>\n","protected":false},"excerpt":{"rendered":"<p>&nbsp; &nbsp; INTENCJE\u00a0 MSZY\u00a0 \u015aWI\u0118TYCH NIEDZIELA 29 .I. 2017r. Godz. 8:00 &#8211; \u00a0\u00a0\u00a0\u00a0+ Jan Matejczyk w 16r. \u015bmierci Godz. 11\u00a0\u00a0 \u00a0&#8211; \u00a0\u00a0\u00a0\u00a0+ Kazimierz J\u0119drzejas Godz. 18\u00a0\u00a0\u00a0 &#8211;\u00a0\u00a0\u00a0\u00a0\u00a0\u00a0 Dzi\u0119kczynna z pro\u015bb\u0105 o zdrowie i b\u0142. Bo\u017ce dla Juliusza i Bo\u017ceny Mylak\u00a0w 30r. \u015blubu PONIEDZIA\u0141EK\u00a0 30. I. 2017r. Godz. 17\u00a0\u00a0 &#8211;\u00a0\u00a0\u00a0 \u00a0+\u00a0 Wojciech J\u0119drzejas WTOREK 31. I. [&hellip;]<\/p>\n","protected":false},"author":3,"featured_media":0,"comment_status":"closed","ping_status":"closed","sticky":false,"template":"","format":"standard","meta":{"ngg_post_thumbnail":0,"footnotes":""},"categories":[7],"tags":[],"class_list":["post-736","post","type-post","status-publish","format-standard","hentry","category-intencje"],"aioseo_notices":[],"_links":{"self":[{"href":"https:\/\/parafiakrzyzowa.pl\/index.php?rest_route=\/wp\/v2\/posts\/736","targetHints":{"allow":["GET"]}}],"collection":[{"href":"https:\/\/parafiakrzyzowa.pl\/index.php?rest_route=\/wp\/v2\/posts"}],"about":[{"href":"https:\/\/parafiakrzyzowa.pl\/index.php?rest_route=\/wp\/v2\/types\/post"}],"author":[{"embeddable":true,"href":"https:\/\/parafiakrzyzowa.pl\/index.php?rest_route=\/wp\/v2\/users\/3"}],"replies":[{"embeddable":true,"href":"https:\/\/parafiakrzyzowa.pl\/index.php?rest_route=%2Fwp%2Fv2%2Fcomments&post=736"}],"version-history":[{"count":1,"href":"https:\/\/parafiakrzyzowa.pl\/index.php?rest_route=\/wp\/v2\/posts\/736\/revisions"}],"predecessor-version":[{"id":737,"href":"https:\/\/parafiakrzyzowa.pl\/index.php?rest_route=\/wp\/v2\/posts\/736\/revisions\/737"}],"wp:attachment":[{"href":"https:\/\/parafiakrzyzowa.pl\/index.php?rest_route=%2Fwp%2Fv2%2Fmedia&parent=736"}],"wp:term":[{"taxonomy":"category","embeddable":true,"href":"https:\/\/parafiakrzyzowa.pl\/index.php?rest_route=%2Fwp%2Fv2%2Fcategories&post=736"},{"taxonomy":"post_tag","embeddable":true,"href":"https:\/\/parafiakrzyzowa.pl\/index.php?rest_route=%2Fwp%2Fv2%2Ftags&post=736"}],"curies":[{"name":"wp","href":"https:\/\/api.w.org\/{rel}","templated":true}]}}