{"id":762,"date":"2017-03-04T07:35:53","date_gmt":"2017-03-04T07:35:53","guid":{"rendered":"http:\/\/mscieszka.nazwa.pl\/parafiakrzyzowa\/?p=762"},"modified":"2017-03-04T07:36:16","modified_gmt":"2017-03-04T07:36:16","slug":"762","status":"publish","type":"post","link":"https:\/\/parafiakrzyzowa.pl\/?p=762","title":{"rendered":""},"content":{"rendered":"<p><u>INTENCJE MSZY \u015aWI\u0118TYCH<\/u><\/p>\n<p><strong><u>NIEDZIELA 5.III. 2017r.<\/u><\/strong><\/p>\n<p>Godz. 8:00 &#8211;\u00a0\u00a0\u00a0\u00a0\u00a0\u00a0\u00a0 Dzi\u0119kczynna z pro\u015bb\u0105 o zdrowie i b\u0142. Bo\u017ce dla Rozalii Krzesak w 80r. urodzin<\/p>\n<p>Godz. 11\u00a0\u00a0\u00a0 &#8211;\u00a0 ++ Jozef Dendys i rodzice<\/p>\n<p>Godz. 18\u00a0\u00a0\u00a0 &#8211; \u00a0\u00a0+ Aniela Pindel w 2r. \u015bmierci<strong><u>\u00a0<\/u><\/strong><\/p>\n<p><strong><u>PONIEDZIA\u0141EK\u00a0 6. III. 2017r. <\/u><\/strong><\/p>\n<p>Godz. 18\u00a0\u00a0 &#8211;\u00a0\u00a0\u00a0\u00a0\u00a0\u00a0\u00a0\u00a0 Dzi\u0119kczynna z pro\u015bb\u0105 o zdrowie i b\u0142. Bo\u017ce dla Wojtka w 25r. urodzin<\/p>\n<p><strong><u>WTOREK 7. III. 2017r.<\/u><\/strong><\/p>\n<p>Godz. 7:00 &#8211;\u00a0\u00a0\u00a0\u00a0\u00a0\u00a0\u00a0\u00a0 W pewnej intencji<\/p>\n<p><strong><u>\u015aRODA 8.III 2017r.<\/u><\/strong><\/p>\n<p>Godz. 18 \u00a0\u00a0\u00a0&#8211;\u00a0\u00a0 ++ Mieczys\u0142aw Gawlas w 10r. \u015bmierci<strong><u>\u00a0<\/u><\/strong><\/p>\n<p><strong><u>CZWARTEK 9.III. 2017r.<\/u><\/strong><\/p>\n<p>Godz. 7:00 &#8211;\u00a0\u00a0\u00a0 ++ Magdalena Walig\u00f3ra syn Tadeusz<strong><u>\u00a0<\/u><\/strong><\/p>\n<p><strong><u>\u00a0<\/u><\/strong><strong><u>PI\u0104TEK 10.III. 2017r. <\/u><\/strong><\/p>\n<p>Godz. 18\u00a0\u00a0 &#8211;\u00a0\u00a0 \u00a0++ Wiktoria Mrowiec w 16r. \u015bmierci i m\u0105\u017c Franciszek<strong><u>\u00a0<\/u><\/strong><\/p>\n<p><strong><u>\u00a0SOBOTA 11. III. 2017r. <\/u><\/strong><\/p>\n<p>Godz. 18\u00a0\u00a0 &#8211;\u00a0\u00a0\u00a0\u00a0 \u00a0+ J\u00f3zef Gawlas w 7r. \u015bmierci<strong><u>\u00a0<\/u><\/strong><\/p>\n<p><strong><u>NIEDZIELA 12. III. 2017r.\u00a0<\/u><\/strong><\/p>\n<p>Godz.8:00\u00a0 &#8211;\u00a0\u00a0\u00a0\u00a0 + Wiktoria Piela w 5r. \u015bmierci<\/p>\n<p>Godz. 11\u00a0 \u00a0\u00a0&#8211;\u00a0\u00a0\u00a0\u00a0\u00a0\u00a0\u00a0\u00a0 O zdrowie i b\u0142. Bo\u017ce dla Marii Z\u0105bek w 75r. urodzin<\/p>\n<p>Godz. 18\u00a0\u00a0\u00a0 &#8211;\u00a0 ++ J\u00f3zef i Weronika\u00a0 Kami\u0144scy w 15r. \u015bmierci<\/p>\n<p>&nbsp;<\/p>\n<p>&nbsp;<\/p>\n<p>&nbsp;<\/p>\n","protected":false},"excerpt":{"rendered":"<p>INTENCJE MSZY \u015aWI\u0118TYCH NIEDZIELA 5.III. 2017r. Godz. 8:00 &#8211;\u00a0\u00a0\u00a0\u00a0\u00a0\u00a0\u00a0 Dzi\u0119kczynna z pro\u015bb\u0105 o zdrowie i b\u0142. Bo\u017ce dla Rozalii Krzesak w 80r. urodzin Godz. 11\u00a0\u00a0\u00a0 &#8211;\u00a0 ++ Jozef Dendys i rodzice Godz. 18\u00a0\u00a0\u00a0 &#8211; \u00a0\u00a0+ Aniela Pindel w 2r. \u015bmierci\u00a0 PONIEDZIA\u0141EK\u00a0 6. III. 2017r. Godz. 18\u00a0\u00a0 &#8211;\u00a0\u00a0\u00a0\u00a0\u00a0\u00a0\u00a0\u00a0 Dzi\u0119kczynna z pro\u015bb\u0105 o zdrowie i b\u0142. Bo\u017ce [&hellip;]<\/p>\n","protected":false},"author":3,"featured_media":0,"comment_status":"closed","ping_status":"closed","sticky":false,"template":"","format":"standard","meta":{"ngg_post_thumbnail":0,"footnotes":""},"categories":[7],"tags":[],"class_list":["post-762","post","type-post","status-publish","format-standard","hentry","category-intencje"],"aioseo_notices":[],"_links":{"self":[{"href":"https:\/\/parafiakrzyzowa.pl\/index.php?rest_route=\/wp\/v2\/posts\/762","targetHints":{"allow":["GET"]}}],"collection":[{"href":"https:\/\/parafiakrzyzowa.pl\/index.php?rest_route=\/wp\/v2\/posts"}],"about":[{"href":"https:\/\/parafiakrzyzowa.pl\/index.php?rest_route=\/wp\/v2\/types\/post"}],"author":[{"embeddable":true,"href":"https:\/\/parafiakrzyzowa.pl\/index.php?rest_route=\/wp\/v2\/users\/3"}],"replies":[{"embeddable":true,"href":"https:\/\/parafiakrzyzowa.pl\/index.php?rest_route=%2Fwp%2Fv2%2Fcomments&post=762"}],"version-history":[{"count":1,"href":"https:\/\/parafiakrzyzowa.pl\/index.php?rest_route=\/wp\/v2\/posts\/762\/revisions"}],"predecessor-version":[{"id":763,"href":"https:\/\/parafiakrzyzowa.pl\/index.php?rest_route=\/wp\/v2\/posts\/762\/revisions\/763"}],"wp:attachment":[{"href":"https:\/\/parafiakrzyzowa.pl\/index.php?rest_route=%2Fwp%2Fv2%2Fmedia&parent=762"}],"wp:term":[{"taxonomy":"category","embeddable":true,"href":"https:\/\/parafiakrzyzowa.pl\/index.php?rest_route=%2Fwp%2Fv2%2Fcategories&post=762"},{"taxonomy":"post_tag","embeddable":true,"href":"https:\/\/parafiakrzyzowa.pl\/index.php?rest_route=%2Fwp%2Fv2%2Ftags&post=762"}],"curies":[{"name":"wp","href":"https:\/\/api.w.org\/{rel}","templated":true}]}}