{"id":883,"date":"2017-07-21T11:20:51","date_gmt":"2017-07-21T11:20:51","guid":{"rendered":"https:\/\/parafiakrzyzowa.pl\/?p=883"},"modified":"2017-07-21T11:20:59","modified_gmt":"2017-07-21T11:20:59","slug":"883","status":"publish","type":"post","link":"https:\/\/parafiakrzyzowa.pl\/?p=883","title":{"rendered":""},"content":{"rendered":"<p>&nbsp;<\/p>\n<p><strong><u>\u00a0\u00a0XVI NIEDZIELA ZWYK\u0141A<\/u><\/strong><\/p>\n<p>&nbsp;<\/p>\n<p>Witam bardzo serdecznie wszystkich wypoczywaj\u0105cych w naszej parafii. Naszym parafianom rozpoczynaj\u0105cych urlopy \u017cycz\u0119 du\u017co s\u0142onecznych dni. Dzi\u0119kuj\u0119 bardzo za kartki od naszych parafian , z r\u00f3\u017cnych pi\u0119knych zak\u0105tk\u00f3w naszej Ojczyzny.<\/p>\n<p>Zapraszam jak zwykle na codzienn\u0105 msz\u0119 \u015bw. do naszego ko\u015bcio\u0142a. Ciesz\u0119 si\u0119 bardzo , \u017ce codziennie jest w ko\u015bciele liczna grupa wiernych.<\/p>\n<p>Bardzo serdecznie dzi\u0119kuj\u0119 wszystkim panom z naszej parafii , kt\u00f3rzy\u00a0 bardzo ci\u0119\u017cko pracowali we wtorek przy remoncie plebanii.<\/p>\n<p>W ostatni\u0105 niedziel\u0119 Pa\u0144stwo z naszych Rad zebrali na dach naszego ko\u015bcio\u0142a 17360 PLN. Mamy ju\u017c na koncie parafialnym oko\u0142o 80 tys PLN. Wielkie B\u00f3g zap\u0142a\u0107 za ofiarno\u015b\u0107<\/p>\n<p>B\u00f3g zap\u0142a\u0107 za sprz\u0105tanie ko\u015bcio\u0142a w tym tygodniu. Nast\u0119pne sprz\u0105tanie b\u0119dzie\u00a0\u00a0\u00a0\u00a0\u00a0\u00a0 w sobot\u0119 o godz. 9:00.<\/p>\n<p>Sprz\u0105taj\u0105 Panie: Smolicka Ewa Krzy\u017cowska Lucyna G\u00f3ra Renata i Maria Szewczulak.<\/p>\n<p>Dzi\u0119kuj\u0119 za ofiary na rodzin\u0119 chrze\u015bcija\u0144sk\u0105 w Syrii. W tym tygodniu wp\u0142ac\u0119 ju\u017c 5 ofiar\u0119 . W ofierze s\u0105 nawet 200 z\u0142. banknoty.<\/p>\n<p>&nbsp;<\/p>\n<p>&nbsp;<\/p>\n<p>Kalendarz liturgiczny<\/p>\n<p>Poniedzia\u0142ek \u2013 wsp. \u015bw. Kingi dziewicy<\/p>\n<p>Wtorek \u015bwi\u0119to \u015bw. Jakuba Aposto\u0142a i \u015bw. Krzysztofa patrona kierowc\u00f3w<\/p>\n<p>Po\u015bwi\u0119cenie pojazd\u00f3w i b\u0142ogos\u0142awie\u0144stwo kierowc\u00f3w b\u0119dzie w najbli\u017csz\u0105 niedziel\u0119 po mszach \u015bw. O godz. 8:00 i 11.<\/p>\n<p>\u015aroda \u2013 wsp. \u015bw. Joachima i Anny rodzicow Matki Bo\u017cej<\/p>\n","protected":false},"excerpt":{"rendered":"<p>&nbsp; \u00a0\u00a0XVI NIEDZIELA ZWYK\u0141A &nbsp; Witam bardzo serdecznie wszystkich wypoczywaj\u0105cych w naszej parafii. Naszym parafianom rozpoczynaj\u0105cych urlopy \u017cycz\u0119 du\u017co s\u0142onecznych dni. Dzi\u0119kuj\u0119 bardzo za kartki od naszych parafian , z r\u00f3\u017cnych pi\u0119knych zak\u0105tk\u00f3w naszej Ojczyzny. Zapraszam jak zwykle na codzienn\u0105 msz\u0119 \u015bw. do naszego ko\u015bcio\u0142a. Ciesz\u0119 si\u0119 bardzo , \u017ce codziennie jest w ko\u015bciele liczna [&hellip;]<\/p>\n","protected":false},"author":0,"featured_media":0,"comment_status":"closed","ping_status":"closed","sticky":false,"template":"","format":"standard","meta":{"ngg_post_thumbnail":0,"footnotes":""},"categories":[3],"tags":[],"class_list":["post-883","post","type-post","status-publish","format-standard","hentry","category-ogloszenia"],"aioseo_notices":[],"_links":{"self":[{"href":"https:\/\/parafiakrzyzowa.pl\/index.php?rest_route=\/wp\/v2\/posts\/883","targetHints":{"allow":["GET"]}}],"collection":[{"href":"https:\/\/parafiakrzyzowa.pl\/index.php?rest_route=\/wp\/v2\/posts"}],"about":[{"href":"https:\/\/parafiakrzyzowa.pl\/index.php?rest_route=\/wp\/v2\/types\/post"}],"replies":[{"embeddable":true,"href":"https:\/\/parafiakrzyzowa.pl\/index.php?rest_route=%2Fwp%2Fv2%2Fcomments&post=883"}],"version-history":[{"count":1,"href":"https:\/\/parafiakrzyzowa.pl\/index.php?rest_route=\/wp\/v2\/posts\/883\/revisions"}],"predecessor-version":[{"id":884,"href":"https:\/\/parafiakrzyzowa.pl\/index.php?rest_route=\/wp\/v2\/posts\/883\/revisions\/884"}],"wp:attachment":[{"href":"https:\/\/parafiakrzyzowa.pl\/index.php?rest_route=%2Fwp%2Fv2%2Fmedia&parent=883"}],"wp:term":[{"taxonomy":"category","embeddable":true,"href":"https:\/\/parafiakrzyzowa.pl\/index.php?rest_route=%2Fwp%2Fv2%2Fcategories&post=883"},{"taxonomy":"post_tag","embeddable":true,"href":"https:\/\/parafiakrzyzowa.pl\/index.php?rest_route=%2Fwp%2Fv2%2Ftags&post=883"}],"curies":[{"name":"wp","href":"https:\/\/api.w.org\/{rel}","templated":true}]}}