{"id":896,"date":"2017-08-05T10:24:17","date_gmt":"2017-08-05T10:24:17","guid":{"rendered":"https:\/\/parafiakrzyzowa.pl\/?p=896"},"modified":"2017-08-05T10:24:25","modified_gmt":"2017-08-05T10:24:25","slug":"896","status":"publish","type":"post","link":"https:\/\/parafiakrzyzowa.pl\/?p=896","title":{"rendered":""},"content":{"rendered":"<p>&nbsp;<\/p>\n<p>&nbsp;<\/p>\n<p><strong><u>INTENCJE\u00a0 MSZY\u00a0 \u015aWI\u0118TYCH<\/u><\/strong><\/p>\n<p><strong><u>NIEDZIELA 6.VIII. 2017r.<\/u><\/strong><\/p>\n<p>Godz. 8:00 &#8211; ++ Anna i Franciszek Krzesakowi w 35r. \u015bmierci<\/p>\n<p>Godz. 11\u00a0 &#8211; \u00a0\u00a0\u00a0+ Maria Szumlas w 5r. \u015bmierci<\/p>\n<p>Godz. 18\u00a0 \u00a0&#8211; \u00a0\u00a0+ Marian Barcik w 11r. \u015bmierc<\/p>\n<p><strong><u>PONIEDZIA\u0141EK\u00a0 7. VIII. 2017r.<\/u><\/strong><\/p>\n<p>Godz.18\u00a0\u00a0 \u00a0\u00a0\u00a0\u00a0\u00a0\u00a0\u00a0\u00a0\u00a0O zdrowie i b\u0142. Bo\u017ce dla Marii Czul<\/p>\n<p><strong><u>WTOREK 8. VIII. 2017r.<\/u><\/strong><\/p>\n<p>Godz. 7:00 &#8211;\u00a0\u00a0 \u00a0\u00a0\u00a0\u00a0\u00a0W pewnej intencji<\/p>\n<p><strong><u>\u015aRODA 9.VIII. 2017r.<\/u><\/strong><\/p>\n<p>Godz. 18\u00a0\u00a0 &#8211; \u00a0\u00a0++ Stanis\u0142aw Kami\u0144ski \u017cona Anna synowie i c\u00f3rki<\/p>\n<p><strong><u>CZWARTEK 10.VIII. 2017r.<\/u><\/strong><\/p>\n<p>Godz. 7:00-\u00a0 \u00a0\u00a0\u00a0+ Rozalia Skulawik<\/p>\n<p><strong><u>\u00a0PI\u0104TEK 11.VIII. 2017r.<\/u><\/strong><\/p>\n<p>Godz. 18\u00a0\u00a0 &#8211; \u00a0\u00a0\u00a0\u00a0+ Stanis\u0142aw \u0141oboz<\/p>\n<p><strong><u>\u00a0SOBOTA 12. VIII. 2017r. <\/u><\/strong><\/p>\n<p>Godz. 18\u00a0\u00a0 &#8211; \u00a0\u00a0\u00a0\u00a0\u00a0\u00a0\u00a0\u00a0Dzi\u0119kczynna z pro\u015bb\u0105 o zdrowie i b\u0142. Bo\u017ce dla J\u00f3zefy i W\u0142adys\u0142awa Basik\u00f3w<\/p>\n<p>W 50r. \u015blubu<\/p>\n<p>Godz. 19\u00a0 \u00a0&#8211; Krzy\u017c\u00f3wki\u00a0\u00a0\u00a0 &#8211; \u00a0++ Franciszek Cudzich rodzice i brat J\u00f3zef<\/p>\n<p><strong><u>NIEDZIELA 13.VIII. 2017r. \u00a0<\/u><\/strong><\/p>\n<p>Godz.8:00 \u00a0&#8211; + Julian Z\u0105bek w 5r. \u015bmierci<\/p>\n<p>Godz. 11\u00a0\u00a0\u00a0 &#8211;\u00a0\u00a0 \u00a0Dzi\u0119kczynna z pro\u015bb\u0105 o zdrowie i b\u0142. Bo\u017ce dla Kamila Jaska w 18r. urodzin<\/p>\n<p>Godz. 18\u00a0\u00a0\u00a0 &#8211;\u00a0\u00a0\u00a0 Dzi\u0119kczynna z pro\u015bb\u0105 o zdrowie i b\u0142. Bo\u017ce dla Dominika Mrowca z okazji Imienin<\/p>\n<p>&nbsp;<\/p>\n<p>&nbsp;<\/p>\n","protected":false},"excerpt":{"rendered":"<p>&nbsp; &nbsp; INTENCJE\u00a0 MSZY\u00a0 \u015aWI\u0118TYCH NIEDZIELA 6.VIII. 2017r. Godz. 8:00 &#8211; ++ Anna i Franciszek Krzesakowi w 35r. \u015bmierci Godz. 11\u00a0 &#8211; \u00a0\u00a0\u00a0+ Maria Szumlas w 5r. \u015bmierci Godz. 18\u00a0 \u00a0&#8211; \u00a0\u00a0+ Marian Barcik w 11r. \u015bmierc PONIEDZIA\u0141EK\u00a0 7. VIII. 2017r. Godz.18\u00a0\u00a0 \u00a0\u00a0\u00a0\u00a0\u00a0\u00a0\u00a0\u00a0\u00a0O zdrowie i b\u0142. Bo\u017ce dla Marii Czul WTOREK 8. VIII. 2017r. Godz. [&hellip;]<\/p>\n","protected":false},"author":0,"featured_media":0,"comment_status":"closed","ping_status":"closed","sticky":false,"template":"","format":"standard","meta":{"ngg_post_thumbnail":0,"footnotes":""},"categories":[7],"tags":[],"class_list":["post-896","post","type-post","status-publish","format-standard","hentry","category-intencje"],"aioseo_notices":[],"_links":{"self":[{"href":"https:\/\/parafiakrzyzowa.pl\/index.php?rest_route=\/wp\/v2\/posts\/896","targetHints":{"allow":["GET"]}}],"collection":[{"href":"https:\/\/parafiakrzyzowa.pl\/index.php?rest_route=\/wp\/v2\/posts"}],"about":[{"href":"https:\/\/parafiakrzyzowa.pl\/index.php?rest_route=\/wp\/v2\/types\/post"}],"replies":[{"embeddable":true,"href":"https:\/\/parafiakrzyzowa.pl\/index.php?rest_route=%2Fwp%2Fv2%2Fcomments&post=896"}],"version-history":[{"count":1,"href":"https:\/\/parafiakrzyzowa.pl\/index.php?rest_route=\/wp\/v2\/posts\/896\/revisions"}],"predecessor-version":[{"id":897,"href":"https:\/\/parafiakrzyzowa.pl\/index.php?rest_route=\/wp\/v2\/posts\/896\/revisions\/897"}],"wp:attachment":[{"href":"https:\/\/parafiakrzyzowa.pl\/index.php?rest_route=%2Fwp%2Fv2%2Fmedia&parent=896"}],"wp:term":[{"taxonomy":"category","embeddable":true,"href":"https:\/\/parafiakrzyzowa.pl\/index.php?rest_route=%2Fwp%2Fv2%2Fcategories&post=896"},{"taxonomy":"post_tag","embeddable":true,"href":"https:\/\/parafiakrzyzowa.pl\/index.php?rest_route=%2Fwp%2Fv2%2Ftags&post=896"}],"curies":[{"name":"wp","href":"https:\/\/api.w.org\/{rel}","templated":true}]}}