{"id":905,"date":"2017-08-11T07:42:40","date_gmt":"2017-08-11T07:42:40","guid":{"rendered":"https:\/\/parafiakrzyzowa.pl\/?p=905"},"modified":"2017-08-11T07:42:47","modified_gmt":"2017-08-11T07:42:47","slug":"905","status":"publish","type":"post","link":"https:\/\/parafiakrzyzowa.pl\/?p=905","title":{"rendered":""},"content":{"rendered":"<p>&nbsp;<\/p>\n<p>Krzy\u017cowa dn. 13.VIII. 2017 r.<\/p>\n<p>&nbsp;<\/p>\n<p><strong><u>\u00a0\u00a0XIX \u00a0NIEDZIELA \u00a0ZWYK\u0141A<\/u><\/strong><\/p>\n<p>&nbsp;<\/p>\n<p>Witam wszystkich wypoczywaj\u0105cych na terenie naszej parafii. \u017bycz\u0119 mi\u0142ego pobytu w tym przepi\u0119knym zak\u0105tku naszej Ojczyzny.<\/p>\n<p>We wtorek przypada Uroczysto\u015b\u0107 Wniebowzi\u0119cia Naj\u015bwi\u0119tszej Maryi Panny. Jest to najwi\u0119ksze \u015bwi\u0119to maryjne w Ko\u015bciele , a w naszej Ojczy\u017anie r\u00f3wnie\u017c \u015bwi\u0119to narodowe.<\/p>\n<p>Msze \u015bw. w naszym ko\u015bciele w porz\u0105dku niedzielnym , a na ka\u017cdej mszy \u015bw. po\u015bwi\u0119cenie wiank\u00f3w . Bardzo serdecznie zapraszam.Gor\u0105co prosz\u0119 o trze\u017awo\u015b\u0107 i abstynencj\u0119 w\u00a0 naszej rodzinie parafialnej i o wielk\u0105 modlitw\u0119 w intencji tych kt\u00f3rzy walcz\u0105 z tym strasznym na\u0142ogiem.<\/p>\n<p>Bardzo serdecznie dzi\u0119kuj\u0119 za sk\u0142adk\u0119 na remont plebanii w ostatni\u0105 niedziel\u0119.<\/p>\n<p>Dzisiaj Pa\u0144stwo z Rady Ekonomicznej i Duszpasterskiej b\u0119d\u0105 zbiera\u0107 ofiary na wspomniany ju\u017c remont plebanii. Z g\u00f3ry sk\u0142adam B\u00f3g zap\u0142a\u0107 za wielk\u0105 ofiarno\u015b\u0107.<\/p>\n<p>Remont b\u0119dzie kosztowa\u0142 40 tys. z\u0142. Ufam, \u017ce m\u00f3j nast\u0119pca to doceni jak wiele zrobili\u015bcie w tak kr\u00f3tkim okresie czasu , \u017ceby nasz ko\u015bci\u00f3\u0142 by\u0142 pi\u0119kny.<\/p>\n<p>W pi\u0105tek zapraszam na msz\u0119 \u015bw. do Bo\u017cego Mi\u0142osierdzia a po mszy \u015bw. b\u0119dzie koronka do Mi\u0142osierdzia i uca\u0142owanie relikwii.<\/p>\n<p>Zach\u0119cam do nabywania prasy katolickiej.<\/p>\n<p>B\u00f3g zap\u0142a\u0107 za sprz\u0105tanie ko\u015bcio\u0142a w tym tygodniu, Nast\u0119pne sprz\u0105tanie w sobot\u0119<\/p>\n<p>o godz. 9:00. Sprz\u0105taj\u0105 Panie z Krzy\u017c\u00f3wek Bo\u017cena Kormaniak Katarzyna Mrowiec Maria Z\u0105bek i Stanis\u0142awa Mrowiec<\/p>\n<p>&nbsp;<\/p>\n<p>&nbsp;<\/p>\n<p>Kalendarz liturgiczny<\/p>\n<p>Poniedzia\u0142ek \u2013 uroczysto\u015b\u0107 \u015bw. Maksymiliana Marii Kolbego kap\u0142ana\u00a0\u00a0\u00a0\u00a0\u00a0\u00a0\u00a0\u00a0\u00a0\u00a0\u00a0\u00a0\u00a0\u00a0\u00a0\u00a0\u00a0\u00a0\u00a0\u00a0\u00a0\u00a0\u00a0\u00a0 \u00a0\u00a0\u00a0\u00a0\u00a0\u00a0\u00a0i m\u0119czennika\u00a0 patrona naszej diecezji.<\/p>\n<p>Wtorek \u2013 uroczysto\u015b\u0107 Wniebowzi\u0119cia Naj\u015bwi\u0119tszej Maryi Panny<\/p>\n<p>Pi\u0105tek \u2013 wsp. \u015bw. Jacka kap\u0142ana<\/p>\n<p>&nbsp;<\/p>\n<p>&nbsp;<\/p>\n","protected":false},"excerpt":{"rendered":"<p>&nbsp; Krzy\u017cowa dn. 13.VIII. 2017 r. &nbsp; \u00a0\u00a0XIX \u00a0NIEDZIELA \u00a0ZWYK\u0141A &nbsp; Witam wszystkich wypoczywaj\u0105cych na terenie naszej parafii. \u017bycz\u0119 mi\u0142ego pobytu w tym przepi\u0119knym zak\u0105tku naszej Ojczyzny. We wtorek przypada Uroczysto\u015b\u0107 Wniebowzi\u0119cia Naj\u015bwi\u0119tszej Maryi Panny. Jest to najwi\u0119ksze \u015bwi\u0119to maryjne w Ko\u015bciele , a w naszej Ojczy\u017anie r\u00f3wnie\u017c \u015bwi\u0119to narodowe. Msze \u015bw. w naszym ko\u015bciele [&hellip;]<\/p>\n","protected":false},"author":0,"featured_media":0,"comment_status":"closed","ping_status":"closed","sticky":false,"template":"","format":"standard","meta":{"ngg_post_thumbnail":0,"footnotes":""},"categories":[3],"tags":[],"class_list":["post-905","post","type-post","status-publish","format-standard","hentry","category-ogloszenia"],"aioseo_notices":[],"_links":{"self":[{"href":"https:\/\/parafiakrzyzowa.pl\/index.php?rest_route=\/wp\/v2\/posts\/905","targetHints":{"allow":["GET"]}}],"collection":[{"href":"https:\/\/parafiakrzyzowa.pl\/index.php?rest_route=\/wp\/v2\/posts"}],"about":[{"href":"https:\/\/parafiakrzyzowa.pl\/index.php?rest_route=\/wp\/v2\/types\/post"}],"replies":[{"embeddable":true,"href":"https:\/\/parafiakrzyzowa.pl\/index.php?rest_route=%2Fwp%2Fv2%2Fcomments&post=905"}],"version-history":[{"count":1,"href":"https:\/\/parafiakrzyzowa.pl\/index.php?rest_route=\/wp\/v2\/posts\/905\/revisions"}],"predecessor-version":[{"id":906,"href":"https:\/\/parafiakrzyzowa.pl\/index.php?rest_route=\/wp\/v2\/posts\/905\/revisions\/906"}],"wp:attachment":[{"href":"https:\/\/parafiakrzyzowa.pl\/index.php?rest_route=%2Fwp%2Fv2%2Fmedia&parent=905"}],"wp:term":[{"taxonomy":"category","embeddable":true,"href":"https:\/\/parafiakrzyzowa.pl\/index.php?rest_route=%2Fwp%2Fv2%2Fcategories&post=905"},{"taxonomy":"post_tag","embeddable":true,"href":"https:\/\/parafiakrzyzowa.pl\/index.php?rest_route=%2Fwp%2Fv2%2Ftags&post=905"}],"curies":[{"name":"wp","href":"https:\/\/api.w.org\/{rel}","templated":true}]}}