{"id":918,"date":"2017-08-19T10:20:17","date_gmt":"2017-08-19T10:20:17","guid":{"rendered":"https:\/\/parafiakrzyzowa.pl\/?p=918"},"modified":"2017-08-19T10:20:23","modified_gmt":"2017-08-19T10:20:23","slug":"918","status":"publish","type":"post","link":"https:\/\/parafiakrzyzowa.pl\/?p=918","title":{"rendered":""},"content":{"rendered":"<p><strong>\u00a0<\/strong><\/p>\n<p><strong>\u00a0\u00a0\u00a0\u00a0\u00a0\u00a0\u00a0\u00a0\u00a0\u00a0\u00a0\u00a0\u00a0\u00a0\u00a0\u00a0\u00a0\u00a0\u00a0\u00a0 \u00a0\u00a0\u00a0\u00a0\u00a0\u00a0\u00a0\u00a0\u00a0\u00a0\u00a0\u00a0\u00a0<u>INTENCJE MSZY \u015aWI\u0118TYCH<\/u><\/strong><\/p>\n<p>&nbsp;<\/p>\n<p><strong><u>NIEDZIELA 20.VIII. 2017r<\/u><\/strong><strong>.<\/strong><\/p>\n<p>Godz.8:00 &#8211; ++ Anna Kami\u0144ska w 34r. \u015bmierci i m\u0105\u017c Stanis\u0142aw<\/p>\n<p>Godz. 11\u00a0\u00a0 &#8211;\u00a0\u00a0\u00a0\u00a0\u00a0 Dzi\u0119kczynna z pro\u015bb\u0105 o zdrowie i b\u0142. Bo\u017ce dla Dominika Niewdana w 1r. urodzin<\/p>\n<p>Godz. 18\u00a0\u00a0 &#8211;\u00a0\u00a0\u00a0\u00a0\u00a0 Dzi\u0119kczynna z pro\u015bb\u0105 o zdrowie i b\u0142. Bo\u017ce dla Katarzyny Fijak w 24 r. urodzin<\/p>\n<p><strong><u>PONIEDZIA\u0141EK 21.VIII. 2017r.<\/u><\/strong><\/p>\n<p>Godz.18\u00a0\u00a0\u00a0 &#8211;\u00a0\u00a0\u00a0 + Krystyna Krzesi\u0144ska<\/p>\n<p><strong><u>WTOREK 22.VIII. 2017r<\/u><\/strong><\/p>\n<p>Godz. 7:00 &#8211;\u00a0\u00a0\u00a0\u00a0\u00a0\u00a0 W pewnej intencji<\/p>\n<p><strong><u>\u015aRODA 23.VIII. 2017r.<\/u><\/strong><\/p>\n<p>Godz. 18\u00a0 \u00a0\u00a0&#8211;\u00a0\u00a0 + W\u0142adys\u0142aw J\u0119drzejas<\/p>\n<p><strong><u>CZWARTEK 24.VIII. 2017r..<\/u><\/strong><\/p>\n<p>Godz. 7:00 \u2013\u00a0\u00a0 + Katarzyna Biernatek<\/p>\n<p><strong><u>PI\u0104TEK 25.VIII. 2017r.<\/u><\/strong><\/p>\n<p>Godz. 18\u00a0\u00a0\u00a0 &#8211;\u00a0\u00a0 + Maria S\u0142owik w 15r. \u015bmierci<\/p>\n<p><strong><u>SOBOTA 26.VIII. 2017r.<\/u><\/strong><\/p>\n<p>Godz. 18\u00a0\u00a0\u00a0 &#8211;\u00a0\u00a0 + J\u00f3zef J\u0119drzejas w 20r. \u015bmierci<\/p>\n<p>Godz. 19\u00a0 Krzy\u017c\u00f3wki\u00a0\u00a0 &#8211; ++ J\u00f3zef i Maria Kami\u0144scy<\/p>\n<p><strong><u>NIEDZIELA 27.VIII. 2017r.<\/u><\/strong><\/p>\n<p>Godz. 8:00\u00a0 &#8211; ++ Wojciech Duraj w 30r. \u015bmierci \u017cona Rozalia syn Czes\u0142aw<\/p>\n<p>Godz. 11\u00a0\u00a0\u00a0\u00a0 &#8211;\u00a0\u00a0\u00a0\u00a0\u00a0\u00a0 O zdrowie i b\u0142. Bo\u017ce dla Mai Michaliny G\u00f3ra w 1r. urodzin<\/p>\n<p>Godz. 18\u00a0\u00a0\u00a0\u00a0 &#8211;\u00a0\u00a0\u00a0\u00a0\u00a0\u00a0 O zdrowie i b\u0142. Bo\u017ce dla Edwarda Mrowca w 90r. urodzin<\/p>\n<p>&nbsp;<\/p>\n<p>&nbsp;<\/p>\n<p>&nbsp;<\/p>\n<p>&nbsp;<\/p>\n<p>&nbsp;<\/p>\n<p>&nbsp;<\/p>\n<p>&nbsp;<\/p>\n<p>&nbsp;<\/p>\n<p>&nbsp;<\/p>\n<p>&nbsp;<\/p>\n<p>&nbsp;<\/p>\n<p>&nbsp;<\/p>\n<p>&nbsp;<\/p>\n<p>&nbsp;<\/p>\n<p>&nbsp;<\/p>\n<p>&nbsp;<\/p>\n","protected":false},"excerpt":{"rendered":"<p>\u00a0 \u00a0\u00a0\u00a0\u00a0\u00a0\u00a0\u00a0\u00a0\u00a0\u00a0\u00a0\u00a0\u00a0\u00a0\u00a0\u00a0\u00a0\u00a0\u00a0\u00a0 \u00a0\u00a0\u00a0\u00a0\u00a0\u00a0\u00a0\u00a0\u00a0\u00a0\u00a0\u00a0\u00a0INTENCJE MSZY \u015aWI\u0118TYCH &nbsp; NIEDZIELA 20.VIII. 2017r. Godz.8:00 &#8211; ++ Anna Kami\u0144ska w 34r. \u015bmierci i m\u0105\u017c Stanis\u0142aw Godz. 11\u00a0\u00a0 &#8211;\u00a0\u00a0\u00a0\u00a0\u00a0 Dzi\u0119kczynna z pro\u015bb\u0105 o zdrowie i b\u0142. Bo\u017ce dla Dominika Niewdana w 1r. urodzin Godz. 18\u00a0\u00a0 &#8211;\u00a0\u00a0\u00a0\u00a0\u00a0 Dzi\u0119kczynna z pro\u015bb\u0105 o zdrowie i b\u0142. Bo\u017ce dla Katarzyny Fijak w 24 r. urodzin [&hellip;]<\/p>\n","protected":false},"author":0,"featured_media":0,"comment_status":"closed","ping_status":"closed","sticky":false,"template":"","format":"standard","meta":{"ngg_post_thumbnail":0,"footnotes":""},"categories":[7],"tags":[],"class_list":["post-918","post","type-post","status-publish","format-standard","hentry","category-intencje"],"aioseo_notices":[],"_links":{"self":[{"href":"https:\/\/parafiakrzyzowa.pl\/index.php?rest_route=\/wp\/v2\/posts\/918","targetHints":{"allow":["GET"]}}],"collection":[{"href":"https:\/\/parafiakrzyzowa.pl\/index.php?rest_route=\/wp\/v2\/posts"}],"about":[{"href":"https:\/\/parafiakrzyzowa.pl\/index.php?rest_route=\/wp\/v2\/types\/post"}],"replies":[{"embeddable":true,"href":"https:\/\/parafiakrzyzowa.pl\/index.php?rest_route=%2Fwp%2Fv2%2Fcomments&post=918"}],"version-history":[{"count":1,"href":"https:\/\/parafiakrzyzowa.pl\/index.php?rest_route=\/wp\/v2\/posts\/918\/revisions"}],"predecessor-version":[{"id":919,"href":"https:\/\/parafiakrzyzowa.pl\/index.php?rest_route=\/wp\/v2\/posts\/918\/revisions\/919"}],"wp:attachment":[{"href":"https:\/\/parafiakrzyzowa.pl\/index.php?rest_route=%2Fwp%2Fv2%2Fmedia&parent=918"}],"wp:term":[{"taxonomy":"category","embeddable":true,"href":"https:\/\/parafiakrzyzowa.pl\/index.php?rest_route=%2Fwp%2Fv2%2Fcategories&post=918"},{"taxonomy":"post_tag","embeddable":true,"href":"https:\/\/parafiakrzyzowa.pl\/index.php?rest_route=%2Fwp%2Fv2%2Ftags&post=918"}],"curies":[{"name":"wp","href":"https:\/\/api.w.org\/{rel}","templated":true}]}}