{"id":934,"date":"2017-09-09T05:45:20","date_gmt":"2017-09-09T05:45:20","guid":{"rendered":"https:\/\/parafiakrzyzowa.pl\/?p=934"},"modified":"2017-09-09T05:45:27","modified_gmt":"2017-09-09T05:45:27","slug":"934","status":"publish","type":"post","link":"https:\/\/parafiakrzyzowa.pl\/?p=934","title":{"rendered":""},"content":{"rendered":"<p>Krzy\u017cowa dn. 10.IX. 2017 r.<\/p>\n<p>&nbsp;<\/p>\n<p><strong><u>\u00a0\u00a0XXIII \u00a0NIEDZIELA \u00a0ZWYK\u0141A<\/u><\/strong><\/p>\n<p>&nbsp;<\/p>\n<p>Dzi\u015b rozpoczyna si\u0119 Tydzie\u0144 Wychowania. W \u015brod\u0119 pi\u0105tek i sobot\u0119 przypadaj, kwartalne dni modlitwy za dzieci m\u0142odzie\u017c i wychowawc\u00f3w.<\/p>\n<p>W najbli\u017csz\u0105 sobot\u0119 16 wrze\u015bnia b\u0119dzie X pielgrzymka ma\u0142\u017ce\u0144stw i rodzin z naszej diecezji do Kalwarii Zebrzydowskiej. Uroczysto\u015bci rozpoczynaj\u0105 si\u0119 o\u00a0 godz. 10:30 drog\u0105 krzy\u017cow\u0105, o 12:30 msza \u015bw. piknik rodzinny i o godz. 15:00 akt zawierzenia rodzin i zako\u0144czenie pielgrzymki.<\/p>\n<p>Jutro po wieczornej mszy \u015bwi\u0119tej spotkanie z uczniami i uczennicami klasy VII \u00a0i z II gimnazjum. Rozpoczynamy kolejny rok\u00a0 przygotowa\u0144 do przyj\u0119cia Sakramentu Bierzmowania.<\/p>\n<p>Uczniowie z gimnazjum przynios\u0105 stare dzienniczki.<\/p>\n<p>W pi\u0105tek po wieczornej mszy \u015bwi\u0119tej \u00a0spotkanie wszystkich lektor\u00f3w kantorek ministrant\u00f3w \u00a0 \u00a0 \u00a0 \u00a0 \u00a0 \u00a0 \u00a0i kandydat\u00f3w na ministrant\u00f3w . Obecno\u015b\u0107 obowi\u0105zkowa.<\/p>\n<p>W pi\u0105tek po mszy \u015bwi\u0119tej koronka do Bo\u017cego Mi\u0142osierdzia i uca\u0142owanie relikwii. Serdecznie zapraszam.<\/p>\n<p>Dzi\u0119kuj\u0119 za ofiary na zakup opa\u0142u na zim\u0119. Przypominam, \u017ce sk\u0142adka ze wszystkich niedziel wrze\u015bnia b\u0119d\u0105 przeznaczone na ten cel .<\/p>\n<p>W najbli\u017csz\u0105 niedziel\u0119 17 wrze\u015bnia Rady Duszpasterska i Ekonomiczna b\u0119d\u0105 zbiera\u0142y ofiary na dach naszego ko\u015bcio\u0142a. B\u0119dzie to ostatnia sk\u0142adka w tym roku.<\/p>\n<p>Jak Pan B\u00f3g pozwoli to rozpoczniemy prace w pa\u017adzierniku.<\/p>\n<p>Mo\u017cna ju\u017c rezerwowa\u0107 msze \u015bw. na rok 2018.<\/p>\n<p>Zach\u0119cam do nabywania prasy katolickiej. Jest Go\u015b\u0107 niedzielny i Drogi misyjne.<\/p>\n<p>W najbli\u017csz\u0105 niedziel\u0119 przed ko\u015bcio\u0142em lektorzy b\u0119d\u0105 zbiera\u0107 ofiary na radio diecezjalne \u00a0Anio\u0142 Beskid\u00f3w.<\/p>\n<p>&nbsp;<\/p>\n<p>B\u00f3g zap\u0142a\u0107 za sprz\u0105tanie ko\u015bcio\u0142a w tym tygodniu. Nast\u0119pne sprz\u0105tanie w sobot\u0119 \u00a0 o godz. 9:00. Sprz\u0105taj\u0105 Panie: Krystyna Wr\u00f3bel Danuta Korowajczyk Renata Dr\u0105g i Ewa P\u0142aza.<\/p>\n<p>&nbsp;<\/p>\n<p>Kalendarz liturgiczny<\/p>\n<p>\u015aroda &#8211; wsp \u015bw. Jana Chryzostoma biskupa i Doktora Ko\u015bcio\u0142a<\/p>\n<p>Czwartek \u2013 \u015bwi\u0119to Podwy\u017cszenia Krzy\u017ca \u015bwi\u0119tego<\/p>\n<p>Pi\u0105tek &#8211; wsp Naj\u015bwi\u0119tszej Maryi Panny Bolesnej<\/p>\n<p>Sobota\u00a0 &#8211; wsp \u015bwi\u0119tych m\u0119czennik\u00f3w Korneliusza papie\u017ca i Cypriana biskupa<\/p>\n<p>W ostatnim tygodniu\u00a0 odesz\u0142a z naszej rodziny parafialnej do Pana \u015bp. J\u00f3zefa Hulb\u00f3j<\/p>\n<p>Wieczny odpoczynek racz jej da\u0107 Panie\u2026\u2026.<\/p>\n<p>&nbsp;<\/p>\n<p>&nbsp;<\/p>\n<p>&nbsp;<\/p>\n","protected":false},"excerpt":{"rendered":"<p>Krzy\u017cowa dn. 10.IX. 2017 r. &nbsp; \u00a0\u00a0XXIII \u00a0NIEDZIELA \u00a0ZWYK\u0141A &nbsp; Dzi\u015b rozpoczyna si\u0119 Tydzie\u0144 Wychowania. W \u015brod\u0119 pi\u0105tek i sobot\u0119 przypadaj, kwartalne dni modlitwy za dzieci m\u0142odzie\u017c i wychowawc\u00f3w. W najbli\u017csz\u0105 sobot\u0119 16 wrze\u015bnia b\u0119dzie X pielgrzymka ma\u0142\u017ce\u0144stw i rodzin z naszej diecezji do Kalwarii Zebrzydowskiej. Uroczysto\u015bci rozpoczynaj\u0105 si\u0119 o\u00a0 godz. 10:30 drog\u0105 krzy\u017cow\u0105, o [&hellip;]<\/p>\n","protected":false},"author":0,"featured_media":0,"comment_status":"closed","ping_status":"closed","sticky":false,"template":"","format":"standard","meta":{"ngg_post_thumbnail":0,"footnotes":""},"categories":[3],"tags":[],"class_list":["post-934","post","type-post","status-publish","format-standard","hentry","category-ogloszenia"],"aioseo_notices":[],"_links":{"self":[{"href":"https:\/\/parafiakrzyzowa.pl\/index.php?rest_route=\/wp\/v2\/posts\/934","targetHints":{"allow":["GET"]}}],"collection":[{"href":"https:\/\/parafiakrzyzowa.pl\/index.php?rest_route=\/wp\/v2\/posts"}],"about":[{"href":"https:\/\/parafiakrzyzowa.pl\/index.php?rest_route=\/wp\/v2\/types\/post"}],"replies":[{"embeddable":true,"href":"https:\/\/parafiakrzyzowa.pl\/index.php?rest_route=%2Fwp%2Fv2%2Fcomments&post=934"}],"version-history":[{"count":1,"href":"https:\/\/parafiakrzyzowa.pl\/index.php?rest_route=\/wp\/v2\/posts\/934\/revisions"}],"predecessor-version":[{"id":935,"href":"https:\/\/parafiakrzyzowa.pl\/index.php?rest_route=\/wp\/v2\/posts\/934\/revisions\/935"}],"wp:attachment":[{"href":"https:\/\/parafiakrzyzowa.pl\/index.php?rest_route=%2Fwp%2Fv2%2Fmedia&parent=934"}],"wp:term":[{"taxonomy":"category","embeddable":true,"href":"https:\/\/parafiakrzyzowa.pl\/index.php?rest_route=%2Fwp%2Fv2%2Fcategories&post=934"},{"taxonomy":"post_tag","embeddable":true,"href":"https:\/\/parafiakrzyzowa.pl\/index.php?rest_route=%2Fwp%2Fv2%2Ftags&post=934"}],"curies":[{"name":"wp","href":"https:\/\/api.w.org\/{rel}","templated":true}]}}