{"id":939,"date":"2017-09-16T13:23:30","date_gmt":"2017-09-16T13:23:30","guid":{"rendered":"https:\/\/parafiakrzyzowa.pl\/?p=939"},"modified":"2017-09-16T13:23:35","modified_gmt":"2017-09-16T13:23:35","slug":"939","status":"publish","type":"post","link":"https:\/\/parafiakrzyzowa.pl\/?p=939","title":{"rendered":""},"content":{"rendered":"<p>&nbsp;<\/p>\n<p>&nbsp;<\/p>\n<p><strong>\u00a0 \u00a0 \u00a0 \u00a0 \u00a0 \u00a0 \u00a0 \u00a0 \u00a0 \u00a0 \u00a0 \u00a0 \u00a0 \u00a0 \u00a0 \u00a0 \u00a0 \u00a0 \u00a0 \u00a0 \u00a0 \u00a0 \u00a0 \u00a0 \u00a0 \u00a0<u>INTENCJE MSZY \u015aWI\u0118TYCH<\/u><\/strong><\/p>\n<p><strong><u>NIEDZIELA 17.IX. 2017r<\/u><\/strong><strong>.<\/strong><\/p>\n<p>Godz.8:00 &#8211; ++ Rozalia i Karol Pluta<\/p>\n<p>Godz. 11\u00a0\u00a0 &#8211;\u00a0\u00a0 +\u00a0 Franciszek Mrowiec w 11r. \u015bmierci<\/p>\n<p>Godz. 18\u00a0 \u00a0&#8211;\u00a0 + Rudolf Pastor w 8r. \u015bmierci<\/p>\n<p><strong><u>PONIEDZIA\u0141EK 18.IX. 2017r.<\/u><\/strong><\/p>\n<p>Godz.18\u00a0 \u00a0\u00a0&#8211;\u00a0 \u00a0\u00a0\u00a0O zdrowie i b\u0142. Bo\u017ce dla J\u00f3zefa S\u0142owika w 70r. urodzin<\/p>\n<p><strong><u>WTOREK 19.IX. 2017r<\/u><\/strong><\/p>\n<p>Godz. 7:00 &#8211;\u00a0\u00a0\u00a0\u00a0\u00a0\u00a0 W pewnej intencji<\/p>\n<p><strong><u>\u015aRODA 20.IX. 2017r.<\/u><\/strong><\/p>\n<p>Godz. 18\u00a0\u00a0\u00a0 &#8211;\u00a0 ++ Marianna G\u00f3ra m\u0105\u017c J\u00f3zef i syn Leon<\/p>\n<p><strong><u>CZWARTEK 21.IX. 2017r..<\/u><\/strong><\/p>\n<p>Godz. 7:00 \u2013\u00a0 \u00a0+ Krzysztof Omylak<\/p>\n<p><strong><u>PI\u0104TEK 22.IX. 2017r.<\/u><\/strong><\/p>\n<p>Godz. 18\u00a0\u00a0\u00a0 &#8211;\u00a0 ++ Franciszek Michalec w 4r. \u015bmierci i \u017cona Maria<\/p>\n<p><strong><u>SOBOTA 23.IX. 2017r.<\/u><\/strong><\/p>\n<p>Godz. 18\u00a0\u00a0 &#8211;\u00a0\u00a0\u00a0\u00a0\u00a0\u00a0\u00a0\u00a0 O zdrowie i b\u0142. Bo\u017ce dla Ma\u0142gorzaty i Piotra Pindel w 31r. \u015blubu<\/p>\n<p><strong><u>NIEDZIELA 24.IX. 2017r.<\/u><\/strong><\/p>\n<p>Godz. 8:00 &#8211; ++ Franciszek Michalec \u017cona Maria<\/p>\n<p>Godz. 11\u00a0\u00a0\u00a0\u00a0 &#8211; \u00a0\u00a0\u00a0\u00a0\u00a0O zdrowie i b\u0142. Bo\u017ce dla Jana Fijaka w 17r. urodzin<\/p>\n<p>Godz. 18\u00a0\u00a0 \u00a0&#8211; \u00a0\u00a0\u00a0\u00a0\u00a0\u00a0O zdrowie i b\u0142. Bo\u017ce dla Kamila Suchonia w 18r. urodzin<\/p>\n<p>&nbsp;<\/p>\n","protected":false},"excerpt":{"rendered":"<p>&nbsp; &nbsp; \u00a0 \u00a0 \u00a0 \u00a0 \u00a0 \u00a0 \u00a0 \u00a0 \u00a0 \u00a0 \u00a0 \u00a0 \u00a0 \u00a0 \u00a0 \u00a0 \u00a0 \u00a0 \u00a0 \u00a0 \u00a0 \u00a0 \u00a0 \u00a0 \u00a0 \u00a0INTENCJE MSZY \u015aWI\u0118TYCH NIEDZIELA 17.IX. 2017r. Godz.8:00 &#8211; ++ Rozalia i Karol Pluta Godz. 11\u00a0\u00a0 &#8211;\u00a0\u00a0 +\u00a0 Franciszek Mrowiec w 11r. \u015bmierci Godz. 18\u00a0 \u00a0&#8211;\u00a0 + Rudolf Pastor [&hellip;]<\/p>\n","protected":false},"author":0,"featured_media":0,"comment_status":"closed","ping_status":"closed","sticky":false,"template":"","format":"standard","meta":{"ngg_post_thumbnail":0,"footnotes":""},"categories":[7],"tags":[],"class_list":["post-939","post","type-post","status-publish","format-standard","hentry","category-intencje"],"aioseo_notices":[],"_links":{"self":[{"href":"https:\/\/parafiakrzyzowa.pl\/index.php?rest_route=\/wp\/v2\/posts\/939","targetHints":{"allow":["GET"]}}],"collection":[{"href":"https:\/\/parafiakrzyzowa.pl\/index.php?rest_route=\/wp\/v2\/posts"}],"about":[{"href":"https:\/\/parafiakrzyzowa.pl\/index.php?rest_route=\/wp\/v2\/types\/post"}],"replies":[{"embeddable":true,"href":"https:\/\/parafiakrzyzowa.pl\/index.php?rest_route=%2Fwp%2Fv2%2Fcomments&post=939"}],"version-history":[{"count":1,"href":"https:\/\/parafiakrzyzowa.pl\/index.php?rest_route=\/wp\/v2\/posts\/939\/revisions"}],"predecessor-version":[{"id":940,"href":"https:\/\/parafiakrzyzowa.pl\/index.php?rest_route=\/wp\/v2\/posts\/939\/revisions\/940"}],"wp:attachment":[{"href":"https:\/\/parafiakrzyzowa.pl\/index.php?rest_route=%2Fwp%2Fv2%2Fmedia&parent=939"}],"wp:term":[{"taxonomy":"category","embeddable":true,"href":"https:\/\/parafiakrzyzowa.pl\/index.php?rest_route=%2Fwp%2Fv2%2Fcategories&post=939"},{"taxonomy":"post_tag","embeddable":true,"href":"https:\/\/parafiakrzyzowa.pl\/index.php?rest_route=%2Fwp%2Fv2%2Ftags&post=939"}],"curies":[{"name":"wp","href":"https:\/\/api.w.org\/{rel}","templated":true}]}}