{"id":941,"date":"2017-09-16T13:25:21","date_gmt":"2017-09-16T13:25:21","guid":{"rendered":"https:\/\/parafiakrzyzowa.pl\/?p=941"},"modified":"2017-09-16T13:25:27","modified_gmt":"2017-09-16T13:25:27","slug":"941","status":"publish","type":"post","link":"https:\/\/parafiakrzyzowa.pl\/?p=941","title":{"rendered":""},"content":{"rendered":"<p>Krzy\u017cowa dn. 17.IX. 2017 r.<\/p>\n<p>&nbsp;<\/p>\n<p><strong><u>\u00a0\u00a0XXIV \u00a0NIEDZIELA \u00a0ZWYK\u0141A<\/u><\/strong><\/p>\n<p>&nbsp;<\/p>\n<p>Dzi\u015b przypada \u015awiatowy Dzie\u0144 \u015arodk\u00f3w Masowego Przekazu. M\u00f3dlmy si\u0119 za wszystkich dziennikarzy aby byli s\u0142ugami prawdy a nie propagandzistami , kt\u00f3rzy s\u0142u\u017c\u0105 k\u0142amstwu. Dzi\u0119kujmy Panu Bogu za katolick\u0105 pras\u0119 rozg\u0142o\u015bnie radiowe \u00a0 i katolick\u0105 telewizj\u0119. R\u00f3wnie\u017c za nasze radio Anio\u0142 Beskid\u00f3w. Dzi\u015b po mszach \u015bwi\u0119tych lektorzy i ministranci przed ko\u015bcio\u0142em zbieraj\u0105 ofiary na nasze radio diecezjalne.<\/p>\n<p>Czym jest Radio Maryja wiedz\u0105 najlepiej nasi chorzy i seniorzy kt\u00f3rzy codziennie modl\u0105 si\u0119 i s\u0142uchaj\u0105 m\u0105drych katechez.<\/p>\n<p>Nasza parafia znalaz\u0142a si\u0119 w\u015br\u00f3d 26 parafii naszej diecezji kt\u00f3re uczestniczy\u0107 b\u0119d\u0105 w wielkiej modlitwie R\u00f3\u017caniec do granic. Modlitwa ta b\u0119dzie 7 X w \u015bwi\u0119to Matki Bo\u017cej R\u00f3\u017ca\u0144cowej. Dok\u0142adniejsze informacje podam w najbli\u017csze niedziele.<\/p>\n<p>Dzi\u015b Rada Duszpasterska i\u00a0 Ekonomiczna b\u0119d\u0105 zbiera\u0142y ofiary na dach naszego ko\u015bcio\u0142a . Niezale\u017cnie od pogody prace rozpoczn\u0105 si\u0119 w pa\u017adzierniku. Nie mamy ju\u017c odwrotu od tej inwestycji kt\u00f3ra jak sami widzicie jest konieczna. Z g\u00f3ry za ofiarno\u015b\u0107 bardzo dzi\u0119kuj\u0119.<\/p>\n<p>Spotkanie w tym tygodniu : Jutro po wieczornej spotkanie z rodzicami dzieci klasy III , kt\u00f3re w tym roku przyst\u0119powa\u0107 b\u0119d\u0105 do I Komunii \u015bw. Na spotkanie nie przychodz\u0105 dzieci.<\/p>\n<p>W sobot\u0119 o godz. 9:00 spotkanie z kandydatami ministranckimi<\/p>\n<p>O godz. 10 r\u00f3wnie\u017c w sobot\u0119 spotkanie z dzie\u0107mi klasy III komunijnymi.<\/p>\n<p>Zach\u0119cam do nabywania prasy katolickiej. Jest Go\u015b\u0107 niedzielny i Misyjne Drogi<\/p>\n<p>Zapraszam na codzienn\u0105 msz\u0119 \u015bw. do naszego ko\u015bcio\u0142a.<\/p>\n<p>B\u00f3g zap\u0142a\u0107 za sprz\u0105tanie ko\u015bcio\u0142a w tym tygodniu. Nast\u0119pne sprz\u0105tanie w sobot\u0119\u00a0\u00a0\u00a0\u00a0\u00a0\u00a0\u00a0\u00a0\u00a0\u00a0\u00a0\u00a0\u00a0\u00a0\u00a0\u00a0\u00a0\u00a0 o godz. 9:00 . Nie kupujemy kwiat\u00f3w bo s\u0105 2 \u015bluby. Sprz\u0105taj\u0105 Panie: Danuta Kuglarz Anna Wylecia\u0142 Barbara Basik i Ewa Kami\u0144ska.<\/p>\n<p>&nbsp;<\/p>\n<p>Kalendarz liturgiczny<\/p>\n<p>Poniedzia\u0142ek \u2013 \u015bwi\u0119to \u015bw. Stanis\u0142awa Kostki<\/p>\n<p>\u015aroda \u2013 wsp \u015bw. m\u0119czennik\u00f3w Andrzeja Kima Paw\u0142a Chonga i Towarzyszy<\/p>\n<p>Czwartek \u2013 \u015bwi\u0119to \u015bw. Mateusza Aposto\u0142a i Ewangelisty<\/p>\n<p>Sobota \u2013 wsp. \u015bw. O, Pio<\/p>\n<p>W ostatnim tygodniu odszed\u0142 do Pana z naszej rodziny parafialnej \u015bp. Krzysztof Omylak\u00a0\u00a0\u00a0 wieczny odpoczynek racz mu da\u0107 Panie\u2026\u2026.<\/p>\n","protected":false},"excerpt":{"rendered":"<p>Krzy\u017cowa dn. 17.IX. 2017 r. &nbsp; \u00a0\u00a0XXIV \u00a0NIEDZIELA \u00a0ZWYK\u0141A &nbsp; Dzi\u015b przypada \u015awiatowy Dzie\u0144 \u015arodk\u00f3w Masowego Przekazu. M\u00f3dlmy si\u0119 za wszystkich dziennikarzy aby byli s\u0142ugami prawdy a nie propagandzistami , kt\u00f3rzy s\u0142u\u017c\u0105 k\u0142amstwu. Dzi\u0119kujmy Panu Bogu za katolick\u0105 pras\u0119 rozg\u0142o\u015bnie radiowe \u00a0 i katolick\u0105 telewizj\u0119. R\u00f3wnie\u017c za nasze radio Anio\u0142 Beskid\u00f3w. Dzi\u015b po mszach \u015bwi\u0119tych [&hellip;]<\/p>\n","protected":false},"author":0,"featured_media":0,"comment_status":"closed","ping_status":"closed","sticky":false,"template":"","format":"standard","meta":{"ngg_post_thumbnail":0,"footnotes":""},"categories":[3],"tags":[],"class_list":["post-941","post","type-post","status-publish","format-standard","hentry","category-ogloszenia"],"aioseo_notices":[],"_links":{"self":[{"href":"https:\/\/parafiakrzyzowa.pl\/index.php?rest_route=\/wp\/v2\/posts\/941","targetHints":{"allow":["GET"]}}],"collection":[{"href":"https:\/\/parafiakrzyzowa.pl\/index.php?rest_route=\/wp\/v2\/posts"}],"about":[{"href":"https:\/\/parafiakrzyzowa.pl\/index.php?rest_route=\/wp\/v2\/types\/post"}],"replies":[{"embeddable":true,"href":"https:\/\/parafiakrzyzowa.pl\/index.php?rest_route=%2Fwp%2Fv2%2Fcomments&post=941"}],"version-history":[{"count":1,"href":"https:\/\/parafiakrzyzowa.pl\/index.php?rest_route=\/wp\/v2\/posts\/941\/revisions"}],"predecessor-version":[{"id":942,"href":"https:\/\/parafiakrzyzowa.pl\/index.php?rest_route=\/wp\/v2\/posts\/941\/revisions\/942"}],"wp:attachment":[{"href":"https:\/\/parafiakrzyzowa.pl\/index.php?rest_route=%2Fwp%2Fv2%2Fmedia&parent=941"}],"wp:term":[{"taxonomy":"category","embeddable":true,"href":"https:\/\/parafiakrzyzowa.pl\/index.php?rest_route=%2Fwp%2Fv2%2Fcategories&post=941"},{"taxonomy":"post_tag","embeddable":true,"href":"https:\/\/parafiakrzyzowa.pl\/index.php?rest_route=%2Fwp%2Fv2%2Ftags&post=941"}],"curies":[{"name":"wp","href":"https:\/\/api.w.org\/{rel}","templated":true}]}}