{"id":944,"date":"2017-09-23T10:05:45","date_gmt":"2017-09-23T10:05:45","guid":{"rendered":"https:\/\/parafiakrzyzowa.pl\/?p=944"},"modified":"2017-09-23T10:05:51","modified_gmt":"2017-09-23T10:05:51","slug":"944","status":"publish","type":"post","link":"https:\/\/parafiakrzyzowa.pl\/?p=944","title":{"rendered":""},"content":{"rendered":"<p>&nbsp;<\/p>\n<p>&nbsp;<\/p>\n<p>&nbsp;<\/p>\n<p>&nbsp;<\/p>\n<p><strong>\u00a0\u00a0\u00a0\u00a0\u00a0\u00a0\u00a0\u00a0\u00a0\u00a0\u00a0\u00a0\u00a0\u00a0\u00a0\u00a0\u00a0\u00a0\u00a0\u00a0\u00a0\u00a0\u00a0\u00a0 \u00a0<u>INTENCJE MSZY \u015aWI\u0118TYCH<\/u><\/strong><\/p>\n<p><strong><u>NIEDZIELA 24.IX. 2017r<\/u><\/strong><strong>.<\/strong><\/p>\n<p>&nbsp;<\/p>\n<p>Godz.8:00 &#8211; ++ Franciszek Michalec \u017cona Maria<\/p>\n<p>Godz. 11\u00a0\u00a0 &#8211;\u00a0\u00a0\u00a0\u00a0\u00a0\u00a0 O zdrowie i b\u0142. Bo\u017ce dla Jana Fijaka w 17r. urodzin<\/p>\n<p>Godz. 18\u00a0 \u00a0&#8211;\u00a0\u00a0\u00a0\u00a0\u00a0\u00a0 O zdrowie i b\u0142. Bo\u017ce dla Kamila Suchonia w 18r. urodzin<\/p>\n<p><strong><u>PONIEDZIA\u0141EK 25.IX. 2017r.<\/u><\/strong><\/p>\n<p>Godz.18\u00a0\u00a0\u00a0 &#8211; ++ \u00a0Stanis\u0142aw Matejczyk i rodzice<\/p>\n<p><strong><u>WTOREK 26.IX. 2017r<\/u><\/strong><\/p>\n<p>Godz. 7:00 &#8211;\u00a0\u00a0 +\u00a0 Krystyna Krzesi\u0144ska<\/p>\n<p><strong><u>\u015aRODA 27.IX. 2017r.<\/u><\/strong><\/p>\n<p>Godz. 18\u00a0\u00a0\u00a0 &#8211;\u00a0 ++ Maria Motyka m\u0105\u017c Franciszek<\/p>\n<p><strong><u>CZWARTEK 28.IX. 2017r..<\/u><\/strong><\/p>\n<p>Godz. 7:00 \u2013\u00a0 \u00a0\u00a0\u00a0\u00a0\u00a0W pewnej intencji<\/p>\n<p><strong><u>PI\u0104TEK 29.IX. 2017r.<\/u><\/strong><\/p>\n<p>Godz. 18\u00a0\u00a0\u00a0 &#8211;\u00a0 ++ Micha\u0142 Der\u0144 \u017cona Felicja<\/p>\n<p><strong><u>SOBOTA 30.IX. 2017r.<\/u><\/strong><\/p>\n<p>Godz. 18\u00a0\u00a0 &#8211;\u00a0\u00a0\u00a0\u00a0\u00a0\u00a0\u00a0\u00a0 O zdrowie i b\u0142. Bo\u017ce dla Dominika S\u0142owiaczka w 1r. urodzin i rodzic\u00f3w<\/p>\n<p><strong><u>NIEDZIELA 1.X. 2017r.<\/u><\/strong><\/p>\n<p>Godz. 8:00 &#8211;\u00a0\u00a0\u00a0 + J\u00f3zef Dendys<\/p>\n<p>&#8211;\u00a0 ++ Karolina i Wojciech Pastorowie<\/p>\n<p>Godz. 11\u00a0\u00a0\u00a0\u00a0 &#8211; \u00a0++ Wiktoria Cudzich w 34r. \u015bmierci m\u0105\u017c W\u0142adys\u0142aw<\/p>\n<p>Godz. 18\u00a0\u00a0 \u00a0&#8211; \u00a0\u00a0\u00a0\u00a0+ W\u0142adys\u0142aw Cudzich w 1r. \u015bmierci<\/p>\n<p>&nbsp;<\/p>\n<p>&nbsp;<\/p>\n<p>&nbsp;<\/p>\n<p>&nbsp;<\/p>\n<p>&nbsp;<\/p>\n<p>&nbsp;<\/p>\n<p>&nbsp;<\/p>\n<p>&nbsp;<\/p>\n<p>&nbsp;<\/p>\n<p>&nbsp;<\/p>\n<p>&nbsp;<\/p>\n<p>&nbsp;<\/p>\n<p>&nbsp;<\/p>\n<p>&nbsp;<\/p>\n<p>&nbsp;<\/p>\n<p>&nbsp;<\/p>\n","protected":false},"excerpt":{"rendered":"<p>&nbsp; &nbsp; &nbsp; &nbsp; \u00a0\u00a0\u00a0\u00a0\u00a0\u00a0\u00a0\u00a0\u00a0\u00a0\u00a0\u00a0\u00a0\u00a0\u00a0\u00a0\u00a0\u00a0\u00a0\u00a0\u00a0\u00a0\u00a0\u00a0 \u00a0INTENCJE MSZY \u015aWI\u0118TYCH NIEDZIELA 24.IX. 2017r. &nbsp; Godz.8:00 &#8211; ++ Franciszek Michalec \u017cona Maria Godz. 11\u00a0\u00a0 &#8211;\u00a0\u00a0\u00a0\u00a0\u00a0\u00a0 O zdrowie i b\u0142. Bo\u017ce dla Jana Fijaka w 17r. urodzin Godz. 18\u00a0 \u00a0&#8211;\u00a0\u00a0\u00a0\u00a0\u00a0\u00a0 O zdrowie i b\u0142. Bo\u017ce dla Kamila Suchonia w 18r. urodzin PONIEDZIA\u0141EK 25.IX. 2017r. Godz.18\u00a0\u00a0\u00a0 &#8211; ++ \u00a0Stanis\u0142aw Matejczyk [&hellip;]<\/p>\n","protected":false},"author":0,"featured_media":0,"comment_status":"closed","ping_status":"closed","sticky":false,"template":"","format":"standard","meta":{"ngg_post_thumbnail":0,"footnotes":""},"categories":[7],"tags":[],"class_list":["post-944","post","type-post","status-publish","format-standard","hentry","category-intencje"],"aioseo_notices":[],"_links":{"self":[{"href":"https:\/\/parafiakrzyzowa.pl\/index.php?rest_route=\/wp\/v2\/posts\/944","targetHints":{"allow":["GET"]}}],"collection":[{"href":"https:\/\/parafiakrzyzowa.pl\/index.php?rest_route=\/wp\/v2\/posts"}],"about":[{"href":"https:\/\/parafiakrzyzowa.pl\/index.php?rest_route=\/wp\/v2\/types\/post"}],"replies":[{"embeddable":true,"href":"https:\/\/parafiakrzyzowa.pl\/index.php?rest_route=%2Fwp%2Fv2%2Fcomments&post=944"}],"version-history":[{"count":1,"href":"https:\/\/parafiakrzyzowa.pl\/index.php?rest_route=\/wp\/v2\/posts\/944\/revisions"}],"predecessor-version":[{"id":945,"href":"https:\/\/parafiakrzyzowa.pl\/index.php?rest_route=\/wp\/v2\/posts\/944\/revisions\/945"}],"wp:attachment":[{"href":"https:\/\/parafiakrzyzowa.pl\/index.php?rest_route=%2Fwp%2Fv2%2Fmedia&parent=944"}],"wp:term":[{"taxonomy":"category","embeddable":true,"href":"https:\/\/parafiakrzyzowa.pl\/index.php?rest_route=%2Fwp%2Fv2%2Fcategories&post=944"},{"taxonomy":"post_tag","embeddable":true,"href":"https:\/\/parafiakrzyzowa.pl\/index.php?rest_route=%2Fwp%2Fv2%2Ftags&post=944"}],"curies":[{"name":"wp","href":"https:\/\/api.w.org\/{rel}","templated":true}]}}