{"id":950,"date":"2017-09-30T13:09:55","date_gmt":"2017-09-30T13:09:55","guid":{"rendered":"https:\/\/parafiakrzyzowa.pl\/?p=950"},"modified":"2017-09-30T13:09:59","modified_gmt":"2017-09-30T13:09:59","slug":"950","status":"publish","type":"post","link":"https:\/\/parafiakrzyzowa.pl\/?p=950","title":{"rendered":""},"content":{"rendered":"<p>&nbsp;<\/p>\n<p>&nbsp;<\/p>\n<p><strong>\u00a0\u00a0\u00a0\u00a0\u00a0\u00a0\u00a0\u00a0\u00a0\u00a0\u00a0\u00a0\u00a0\u00a0\u00a0\u00a0\u00a0\u00a0\u00a0\u00a0\u00a0\u00a0\u00a0\u00a0 \u00a0<u>INTENCJE MSZY \u015aWI\u0118TYCH<\/u><\/strong><\/p>\n<p>&nbsp;<\/p>\n<p>&nbsp;<\/p>\n<p><strong><u>NIEDZIELA 1.X. 2017r<\/u><\/strong><strong>.<\/strong><\/p>\n<p>Godz.8:00 &#8211;\u00a0\u00a0 + J\u00f3zef Dendys<\/p>\n<p>&#8211;\u00a0 ++ Karolina i Wojciech Pastorowie<\/p>\n<p>Godz. 11\u00a0\u00a0 &#8211;\u00a0 ++ Wiktoria Cudzich w 34r. \u015bmierci m\u0105\u017c W\u0142asds\u0142aw<\/p>\n<p>Godz. 18\u00a0 \u00a0&#8211;\u00a0\u00a0\u00a0 + W\u0142adys\u0142aw Cudzich w 1r. \u015bmierci.<\/p>\n<p><strong><u>PONIEDZIA\u0141EK 2.X. 2017r.<\/u><\/strong><\/p>\n<p>Godz.17\u00a0\u00a0\u00a0 &#8211; ++ \u00a0Wiktoria Klimas m\u0105\u017c Jan i c\u00f3rka Genowefa<\/p>\n<p><strong><u>WTOREK 3.X. 2017r<\/u><\/strong><\/p>\n<p>Godz. 17 \u00a0\u00a0&#8211;\u00a0\u00a0\u00a0\u00a0\u00a0\u00a0\u00a0 Podzi\u0119kowanie za ocalenia \u017cycia<\/p>\n<p><strong><u>\u015aRODA 4.X. 2017r.<\/u><\/strong><\/p>\n<p>Godz. 17\u00a0 &#8211;\u00a0 ++ W\u0142adys\u0142aw Wylecia\u0142 i rodzice<\/p>\n<p><strong><u>CZWARTEK 5.X. 2017r..<\/u><\/strong><\/p>\n<p>Godz. 17 &#8211;\u00a0 \u00a0\u00a0+ J\u00f3zefa Hulb\u00f3j<\/p>\n<p><strong><u>PI\u0104TEK 6.X. 2017r.<\/u><\/strong><\/p>\n<p>Godz. 17 &#8211;\u00a0\u00a0\u00a0\u00a0\u00a0\u00a0\u00a0 Za zmar\u0142ych wypominanych<\/p>\n<p><strong><u>SOBOTA 7.X. 2017r.<\/u><\/strong><\/p>\n<p>Godz. 17 &#8211;\u00a0\u00a0\u00a0 + Anna Krzesak w 7r. \u015bmierci.<\/p>\n<p><strong><u>NIEDZIELA 8.X. 2017r.<\/u><\/strong><\/p>\n<p>Godz. 8:00 &#8211;\u00a0\u00a0\u00a0 + Potr Cicho\u0144 w 1r. \u015bmierci<\/p>\n<p>Godz. 11\u00a0\u00a0\u00a0 &#8211; \u00a0++Franciszek J\u0119drzejas rodzice i brat J\u00f3zef<\/p>\n<p>&#8211;\u00a0\u00a0\u00a0\u00a0\u00a0 O zdrowie i b\u0142. Bo\u017ce dla Zuzanny Marii Galas w dniu chrztu \u015bw.i jej rodzic\u00f3w<\/p>\n<p>Godz. 18\u00a0\u00a0 \u00a0&#8211; \u00a0\u00a0\u00a0\u00a0+ Jan Sordyl w 11r. \u015bmierci<\/p>\n<p>&nbsp;<\/p>\n<p>&nbsp;<\/p>\n<p>&nbsp;<\/p>\n<p>&nbsp;<\/p>\n<p>&nbsp;<\/p>\n<p>&nbsp;<\/p>\n<p>&nbsp;<\/p>\n<p>&nbsp;<\/p>\n<p>&nbsp;<\/p>\n<p>&nbsp;<\/p>\n<p>&nbsp;<\/p>\n<p>&nbsp;<\/p>\n","protected":false},"excerpt":{"rendered":"<p>&nbsp; &nbsp; \u00a0\u00a0\u00a0\u00a0\u00a0\u00a0\u00a0\u00a0\u00a0\u00a0\u00a0\u00a0\u00a0\u00a0\u00a0\u00a0\u00a0\u00a0\u00a0\u00a0\u00a0\u00a0\u00a0\u00a0 \u00a0INTENCJE MSZY \u015aWI\u0118TYCH &nbsp; &nbsp; NIEDZIELA 1.X. 2017r. Godz.8:00 &#8211;\u00a0\u00a0 + J\u00f3zef Dendys &#8211;\u00a0 ++ Karolina i Wojciech Pastorowie Godz. 11\u00a0\u00a0 &#8211;\u00a0 ++ Wiktoria Cudzich w 34r. \u015bmierci m\u0105\u017c W\u0142asds\u0142aw Godz. 18\u00a0 \u00a0&#8211;\u00a0\u00a0\u00a0 + W\u0142adys\u0142aw Cudzich w 1r. \u015bmierci. PONIEDZIA\u0141EK 2.X. 2017r. Godz.17\u00a0\u00a0\u00a0 &#8211; ++ \u00a0Wiktoria Klimas m\u0105\u017c Jan i c\u00f3rka Genowefa [&hellip;]<\/p>\n","protected":false},"author":0,"featured_media":0,"comment_status":"closed","ping_status":"closed","sticky":false,"template":"","format":"standard","meta":{"ngg_post_thumbnail":0,"footnotes":""},"categories":[7],"tags":[],"class_list":["post-950","post","type-post","status-publish","format-standard","hentry","category-intencje"],"aioseo_notices":[],"_links":{"self":[{"href":"https:\/\/parafiakrzyzowa.pl\/index.php?rest_route=\/wp\/v2\/posts\/950","targetHints":{"allow":["GET"]}}],"collection":[{"href":"https:\/\/parafiakrzyzowa.pl\/index.php?rest_route=\/wp\/v2\/posts"}],"about":[{"href":"https:\/\/parafiakrzyzowa.pl\/index.php?rest_route=\/wp\/v2\/types\/post"}],"replies":[{"embeddable":true,"href":"https:\/\/parafiakrzyzowa.pl\/index.php?rest_route=%2Fwp%2Fv2%2Fcomments&post=950"}],"version-history":[{"count":1,"href":"https:\/\/parafiakrzyzowa.pl\/index.php?rest_route=\/wp\/v2\/posts\/950\/revisions"}],"predecessor-version":[{"id":951,"href":"https:\/\/parafiakrzyzowa.pl\/index.php?rest_route=\/wp\/v2\/posts\/950\/revisions\/951"}],"wp:attachment":[{"href":"https:\/\/parafiakrzyzowa.pl\/index.php?rest_route=%2Fwp%2Fv2%2Fmedia&parent=950"}],"wp:term":[{"taxonomy":"category","embeddable":true,"href":"https:\/\/parafiakrzyzowa.pl\/index.php?rest_route=%2Fwp%2Fv2%2Fcategories&post=950"},{"taxonomy":"post_tag","embeddable":true,"href":"https:\/\/parafiakrzyzowa.pl\/index.php?rest_route=%2Fwp%2Fv2%2Ftags&post=950"}],"curies":[{"name":"wp","href":"https:\/\/api.w.org\/{rel}","templated":true}]}}