{"id":971,"date":"2017-10-21T07:23:14","date_gmt":"2017-10-21T07:23:14","guid":{"rendered":"https:\/\/parafiakrzyzowa.pl\/?p=971"},"modified":"2017-10-21T07:23:20","modified_gmt":"2017-10-21T07:23:20","slug":"971","status":"publish","type":"post","link":"https:\/\/parafiakrzyzowa.pl\/?p=971","title":{"rendered":""},"content":{"rendered":"<p>&nbsp;<\/p>\n<p>Krzy\u017cowa dn. 22.X. 2017 r.<\/p>\n<p>&nbsp;<\/p>\n<p><strong><u>\u00a0XXIX \u00a0NIEDZIELA \u00a0ZWYK\u0141A<\/u><\/strong><\/p>\n<p>&nbsp;<\/p>\n<p>Zapraszam bardzo serdecznie jeszcze dzi\u015b na R\u00f3\u017caniec o godz. 17:30. W tygodniu modlitwa r\u00f3\u017ca\u0144cowa po wieczornej mszy \u015bwi\u0119tej.<\/p>\n<p>W tym tygodniu R\u00f3\u017caniec prowadz\u0105 pon. kl.III.\u00a0 wt kl. III \u015br kl.IV czwartek kl V<\/p>\n<p>pi\u0105tek kl.VI \u00a0kl VII. W tym tygodniu b\u0119dziemy si\u0119 modlili za zmar\u0142ych wypominanych w naszym ko\u015bciele.<\/p>\n<p>Bardzo serdecznie jeszcze raz prosz\u0119 o modlitw\u0119 r\u00f3\u017ca\u0144cow\u0105 r\u00f3wnie\u017c w domach\u00a0 w gronie rodzinnym.<\/p>\n<p>W tym tygodniu jak B\u00f3g pozwoli zako\u0144czymy prace przy dachu ko\u015bcio\u0142a. Po zako\u0144czeniu prac Rada Ekonomiczna poda ca\u0142ej parafii o kosztach prac.<\/p>\n<p>Dzi\u0119kuj\u0119 za ostatni\u0105 ofiar\u0119 na dach naszego ko\u015bcio\u0142a.<\/p>\n<p>B\u00f3g zap\u0142a\u0107 panom z naszej parafii za prace na cmentarzu . By\u0142o ich tak wielu, \u017ce nie b\u0119d\u0119 wymienia\u0142 nazwisk . Pozosta\u0142y jeszcze 3 drzewa. By\u0142bym wdzi\u0119czny gdyby jeszcze panowie po\u015bwi\u0119cili jeszcze troch\u0119 czasu i wyci\u0119li te drzewa. Mo\u017cna przyj\u015b\u0107 jutro o godz. 8:00. Jak zauwa\u017cyli\u015bcie jest nowy krzy\u017c na cmentarzu. Jest to dzie\u0142o P. Kazimierza Wyroda. Bardzo dzi\u0119kuj\u0119 P. Kazimierzowi i stra\u017cakom naszym za zainstalowanie krzy\u017ca w ostatni poniedzia\u0142ek.<\/p>\n<p>Wielkie B\u00f3g zap\u0142a\u0107\u00a0 sk\u0142adam ca\u0142ej parafii za modlitw\u0119 za mojego zmar\u0142ego tat\u0119, za kondolencje\u00a0 \u00a0 \u00a0 \u00a0 \u00a0 i wyrazy wsp\u00f3\u0142czucia , a szczeg\u00f3lne dzi\u0119kuj\u0119 za wasz\u0105 obecno\u015b\u0107 na pogrzebie. Jestem ogromnie wdzi\u0119czny i zobowi\u0105zany.<\/p>\n<p>Zbli\u017ca si\u0119 Uroczysto\u015b\u0107 \u00a0Wszystkich \u015awi\u0119tych . Bardzo serdecznie przypominam\u00a0\u00a0\u00a0\u00a0\u00a0\u00a0\u00a0\u00a0\u00a0\u00a0\u00a0\u00a0\u00a0\u00a0\u00a0 o porz\u0105dkach na grobach waszych bliskich zmar\u0142ych.<\/p>\n<p>Wypominki mo\u017cna dawa\u0107 do\u00a0 wystawionego koszyka.<\/p>\n<p>Dzi\u0119kuj\u0119 za sprz\u0105tanie ko\u015bcio\u0142a w tym tygodniu. Nast\u0119pne sprz\u0105tanie b\u0119dzie w sobot\u0119 o godz. 9:00 . Prosz\u0119 kupi\u0107 do ko\u015bcio\u0142a chryzantemy<\/p>\n<p>Zach\u0119cam do nabywania prasy katolickiej.<\/p>\n<p>W sobot\u0119 o godz. 9:00 spotkanie z klas\u0105 III a o 11 z Kandydatami na ministrant\u00f3w.<\/p>\n<p>W ostatnim tygodniu odszed\u0142 do Pana po wieczn\u0105 nagrod\u0119\u00a0 \u015bp. Edward\u00a0 Mrowiec wieczny odpoczynek racz mu da\u0107 Panie\u2026\u2026\u2026<\/p>\n<p>&nbsp;<\/p>\n","protected":false},"excerpt":{"rendered":"<p>&nbsp; Krzy\u017cowa dn. 22.X. 2017 r. &nbsp; \u00a0XXIX \u00a0NIEDZIELA \u00a0ZWYK\u0141A &nbsp; Zapraszam bardzo serdecznie jeszcze dzi\u015b na R\u00f3\u017caniec o godz. 17:30. W tygodniu modlitwa r\u00f3\u017ca\u0144cowa po wieczornej mszy \u015bwi\u0119tej. W tym tygodniu R\u00f3\u017caniec prowadz\u0105 pon. kl.III.\u00a0 wt kl. III \u015br kl.IV czwartek kl V pi\u0105tek kl.VI \u00a0kl VII. W tym tygodniu b\u0119dziemy si\u0119 modlili za [&hellip;]<\/p>\n","protected":false},"author":0,"featured_media":0,"comment_status":"closed","ping_status":"closed","sticky":false,"template":"","format":"standard","meta":{"ngg_post_thumbnail":0,"footnotes":""},"categories":[3],"tags":[],"class_list":["post-971","post","type-post","status-publish","format-standard","hentry","category-ogloszenia"],"aioseo_notices":[],"_links":{"self":[{"href":"https:\/\/parafiakrzyzowa.pl\/index.php?rest_route=\/wp\/v2\/posts\/971","targetHints":{"allow":["GET"]}}],"collection":[{"href":"https:\/\/parafiakrzyzowa.pl\/index.php?rest_route=\/wp\/v2\/posts"}],"about":[{"href":"https:\/\/parafiakrzyzowa.pl\/index.php?rest_route=\/wp\/v2\/types\/post"}],"replies":[{"embeddable":true,"href":"https:\/\/parafiakrzyzowa.pl\/index.php?rest_route=%2Fwp%2Fv2%2Fcomments&post=971"}],"version-history":[{"count":2,"href":"https:\/\/parafiakrzyzowa.pl\/index.php?rest_route=\/wp\/v2\/posts\/971\/revisions"}],"predecessor-version":[{"id":974,"href":"https:\/\/parafiakrzyzowa.pl\/index.php?rest_route=\/wp\/v2\/posts\/971\/revisions\/974"}],"wp:attachment":[{"href":"https:\/\/parafiakrzyzowa.pl\/index.php?rest_route=%2Fwp%2Fv2%2Fmedia&parent=971"}],"wp:term":[{"taxonomy":"category","embeddable":true,"href":"https:\/\/parafiakrzyzowa.pl\/index.php?rest_route=%2Fwp%2Fv2%2Fcategories&post=971"},{"taxonomy":"post_tag","embeddable":true,"href":"https:\/\/parafiakrzyzowa.pl\/index.php?rest_route=%2Fwp%2Fv2%2Ftags&post=971"}],"curies":[{"name":"wp","href":"https:\/\/api.w.org\/{rel}","templated":true}]}}